{"id":29683,"date":"2023-10-08T15:46:23","date_gmt":"2023-10-08T20:46:23","guid":{"rendered":"https:\/\/solidaridadnews.com\/?p=29683"},"modified":"2023-10-08T20:46:24","modified_gmt":"2023-10-08T20:46:24","slug":"se-podria-realizar-una-consulta-publica-en-playa-del-carmen-para-retirar-los-parquimetros","status":"publish","type":"post","link":"https:\/\/solidaridadnews.com\/?p=29683","title":{"rendered":"Se podr\u00eda realizar una consulta p\u00fablica en Playa del Carmen para retirar los parqu\u00edmetros"},"content":{"rendered":"<p><strong>Debido a los presuntos abusos realizados en Playa del Carmen por la empresa concesionaria de parqu\u00edmetros Playaparq, y que han sido denunciados tanto por ciudadanos, turistas y funcionarios, el s\u00edndico municipal Adri\u00e1n P\u00e9rez Vera dijo que se evaluar\u00e1 la posibilidad de retirarle la concesi\u00f3n, pero primero se debe verificar la informaci\u00f3n.<\/strong><\/p>\n<div>\n<p><strong>Playaparq<\/strong>\u00a0ha comenzado a colocar inmovilizadores a los autos y las retirar\u00edan presuntamente luego de pagar una multa. Esta situaci\u00f3n no debiera suceder, dado que la empresa no est\u00e1 facultada, indic\u00f3 el funcionario.<\/p>\n<p>\u201cLa empresa (<strong>Playaparq<\/strong>) no tiene facultades para poner inmovilizadores o ara\u00f1as donde no hay cajones como tal. No me gustar\u00eda pensar que hay una retribuci\u00f3n. (Pero) hace poco nos enteramos que les hab\u00edan pedido que elevaran mesas recaudatorias, yo cre\u00eda que era un rumor, pero hoy empieza a tener un poquito de sentido, entonces le daremos un puntual seguimiento y lo trataremos con (el Instituto de) Movilidad\u201d, indic\u00f3 el s\u00edndico en entrevista.<\/p>\n<p>Ante estos antecedentes,\u00a0<strong>Adri\u00e1n P\u00e9rez Vera<\/strong>\u00a0pidi\u00f3 a la ciudadan\u00eda reportar directamente en la Sindicatura Municipal alg\u00fan tipo de abuso o irregularidad de esta empresa concesionaria de los\u00a0<strong>parqu\u00edmetros<\/strong>, a fin de construir un expediente y someter a consulta la permanencia de\u00a0<strong>Playaparq<\/strong>\u00a0en\u00a0<strong>Playa del Carmen<\/strong>.<\/p>\n<p>\u201cRecordemos que est\u00e1 la posibilidad de hacer una consulta p\u00fablica el d\u00eda de la elecci\u00f3n y preguntarles en\u00a0<strong>Solidaridad<\/strong>\u00a0si queremos los parqu\u00edmetros o no. Yo estoy analizando esa ruta y en su caso podr\u00eda presentarle al Instituto Electoral de\u00a0<strong>Quintana Roo<\/strong>, dicha consulta para recabar firmas\u201d, advirti\u00f3.<\/p>\n<p>Sin embargo, antes de plantear una consulta ciudadana, se tiene que pedir un informe con Tr\u00e1nsito para justificar el ejercicio ciudadano. Y adem\u00e1s se buscar\u00eda una negociaci\u00f3n con la empresa responsable de los\u00a0<strong>parqu\u00edmetros<\/strong>.<\/p>\n<p>\u201cTengo que pedirle a Tr\u00e1nsito un reporte, para a partir de ah\u00ed tomar una acci\u00f3n, pedirle qu\u00e9 pas\u00f3, y si evidentemente est\u00e1n fuera del marco de la ley, ahora s\u00ed, en conjunto llamar al concesionario, leerle la cartilla y decirle que no vamos a tolerar este tipo de abusos\u201d, sentenci\u00f3 el s\u00edndico municipal.<\/p>\n<\/div>\n","protected":false},"excerpt":{"rendered":"<p>Debido a los presuntos abusos realizados en Playa del Carmen por la empresa concesionaria de parqu\u00edmetros Playaparq, y que han sido denunciados tanto por ciudadanos, turistas y funcionarios, el s\u00edndico municipal Adri\u00e1n P\u00e9rez Vera dijo que se evaluar\u00e1 la posibilidad de retirarle la concesi\u00f3n, pero primero se debe verificar la informaci\u00f3n. Playaparq\u00a0ha comenzado a colocar [&hellip;]<\/p>\n","protected":false},"author":1,"featured_media":29685,"comment_status":"open","ping_status":"closed","sticky":false,"template":"","format":"standard","meta":{"footnotes":""},"categories":[4],"tags":[],"class_list":["post-29683","post","type-post","status-publish","format-standard","has-post-thumbnail","hentry","category-local"],"_links":{"self":[{"href":"https:\/\/solidaridadnews.com\/index.php?rest_route=\/wp\/v2\/posts\/29683","targetHints":{"allow":["GET"]}}],"collection":[{"href":"https:\/\/solidaridadnews.com\/index.php?rest_route=\/wp\/v2\/posts"}],"about":[{"href":"https:\/\/solidaridadnews.com\/index.php?rest_route=\/wp\/v2\/types\/post"}],"author":[{"embeddable":true,"href":"https:\/\/solidaridadnews.com\/index.php?rest_route=\/wp\/v2\/users\/1"}],"replies":[{"embeddable":true,"href":"https:\/\/solidaridadnews.com\/index.php?rest_route=%2Fwp%2Fv2%2Fcomments&post=29683"}],"version-history":[{"count":1,"href":"https:\/\/solidaridadnews.com\/index.php?rest_route=\/wp\/v2\/posts\/29683\/revisions"}],"predecessor-version":[{"id":29684,"href":"https:\/\/solidaridadnews.com\/index.php?rest_route=\/wp\/v2\/posts\/29683\/revisions\/29684"}],"wp:featuredmedia":[{"embeddable":true,"href":"https:\/\/solidaridadnews.com\/index.php?rest_route=\/wp\/v2\/media\/29685"}],"wp:attachment":[{"href":"https:\/\/solidaridadnews.com\/index.php?rest_route=%2Fwp%2Fv2%2Fmedia&parent=29683"}],"wp:term":[{"taxonomy":"category","embeddable":true,"href":"https:\/\/solidaridadnews.com\/index.php?rest_route=%2Fwp%2Fv2%2Fcategories&post=29683"},{"taxonomy":"post_tag","embeddable":true,"href":"https:\/\/solidaridadnews.com\/index.php?rest_route=%2Fwp%2Fv2%2Ftags&post=29683"}],"curies":[{"name":"wp","href":"https:\/\/api.w.org\/{rel}","templated":true}]}}