{"id":29644,"date":"2023-10-06T23:18:21","date_gmt":"2023-10-07T04:18:21","guid":{"rendered":"https:\/\/solidaridadnews.com\/?p=29644"},"modified":"2023-10-07T04:18:23","modified_gmt":"2023-10-07T04:18:23","slug":"inauguran-primera-fase-de-la-central-de-abastos-y-centro-logistico-de-playa-del-carmen","status":"publish","type":"post","link":"https:\/\/solidaridadnews.com\/?p=29644","title":{"rendered":"Inauguran primera fase de la Central de Abastos y Centro Log\u00edstico de Playa del Carmen"},"content":{"rendered":"<div class=\"single-blog-content mt-30\">\n<h4 style=\"text-align: center;\">Cuenta con 190 bodegas, 120 locales y estar\u00e1 a 2 km de la estaci\u00f3n del Tren Maya<\/h4>\n<p>La primera fase de la Central de Abastos y Centro Log\u00edstico de Playa del Carmen fue inaugurada la noche del jueves 5 de octubre por la presidente municipal de Solidaridad, Lili Campos, acompa\u00f1ada de inversionistas, el desarrollador del proyecto, y de la secretaria de Desarrollo Econ\u00f3mico del gobierno del estado, Carla Almanza.<\/p>\n<p>Luego de m\u00e1s de un a\u00f1o de iniciada la construcci\u00f3n, se cort\u00f3 el list\u00f3n y se devel\u00f3 la placa conmemorativa de la primera fase del complejo, ubicado en la avenida Colosio, manzana 427, lote 001.<\/p>\n<p>Durante la ceremonia, la alcaldesa destac\u00f3 la importancia de este proyecto para la regi\u00f3n. \u00abEs un honor y un orgullo que hoy podemos contar con una primera fase de la Central de Abastos en Playa del Carmen. Esto no solo fomenta el desarrollo econ\u00f3mico, sino que tambi\u00e9n contribuye a la conservaci\u00f3n del entorno ambiental y brinda seguridad a nuestra comunidad\u00bb, expres\u00f3.<\/p>\n<p>Agradeci\u00f3 al desarrollador del proyecto, Wilbert Guti\u00e9rrez, a los inversionistas representados por Marco Lanterra, a Carla Almanza, secretaria de Desarrollo Econ\u00f3mico del gobierno estatal, por el respaldo y colaboraci\u00f3n en este emprendimiento, as\u00ed como a la Marina, por su trabajo en materia de seguridad.<\/p>\n<p>Resalt\u00f3 el auge tur\u00edstico de Playa del Carmen, que cuenta con 20 playas certificadas, incluyendo nueve con el distintivo Blue Flag y 11 de Platino. Adem\u00e1s, anunci\u00f3 con orgullo que el municipio recibir\u00e1 un reconocimiento en Estonia como uno de los Top 100 Destinos Tur\u00edsticos Sustentables del Mundo, logro que resalta el compromiso de Solidaridad con la sostenibilidad ambiental, el desarrollo econ\u00f3mico y la promoci\u00f3n de la cultura local.<\/p>\n<p>El desarrollador del proyecto, Wilber Guti\u00e9rrez \u00c1lvarez, de la empresa Riviera Maya Investment, expres\u00f3 su compromiso con la honestidad y la excelencia en la ejecuci\u00f3n del proyecto. Afirm\u00f3 que la Central de Abastos y Centro Log\u00edstico de Playa del Carmen ser\u00e1 un hito que elevar\u00e1 la calidad de vida de las familias de Solidaridad y la regi\u00f3n en su conjunto.<\/p>\n<p>\u201cEste proyecto representa un paso significativo en el desarrollo econ\u00f3mico y la sostenibilidad de Playa del Carmen y Solidaridad, consolidando su posici\u00f3n como un destino tur\u00edstico de renombre mundial y un punto de referencia en el comercio y la log\u00edstica de la regi\u00f3n\u201d, destac\u00f3 el empresario.<\/p>\n<p>Al concluir la ceremonia, se revelaron detalles sobre la magnitud de la central, que cuenta con 200 mil metros cuadrados, 190 bodegas, 120 locales de mercado, una gasolinera y un hotel cercano. Adem\u00e1s, se destac\u00f3 la proximidad de la estaci\u00f3n del Tren Maya, que se encuentra a solo dos kil\u00f3metros de este importante centro log\u00edstico.<\/p>\n<\/div>\n","protected":false},"excerpt":{"rendered":"<p>Cuenta con 190 bodegas, 120 locales y estar\u00e1 a 2 km de la estaci\u00f3n del Tren Maya La primera fase de la Central de Abastos y Centro Log\u00edstico de Playa del Carmen fue inaugurada la noche del jueves 5 de octubre por la presidente municipal de Solidaridad, Lili Campos, acompa\u00f1ada de inversionistas, el desarrollador del [&hellip;]<\/p>\n","protected":false},"author":1,"featured_media":29646,"comment_status":"open","ping_status":"closed","sticky":false,"template":"","format":"standard","meta":{"footnotes":""},"categories":[4],"tags":[],"class_list":["post-29644","post","type-post","status-publish","format-standard","has-post-thumbnail","hentry","category-local"],"_links":{"self":[{"href":"https:\/\/solidaridadnews.com\/index.php?rest_route=\/wp\/v2\/posts\/29644","targetHints":{"allow":["GET"]}}],"collection":[{"href":"https:\/\/solidaridadnews.com\/index.php?rest_route=\/wp\/v2\/posts"}],"about":[{"href":"https:\/\/solidaridadnews.com\/index.php?rest_route=\/wp\/v2\/types\/post"}],"author":[{"embeddable":true,"href":"https:\/\/solidaridadnews.com\/index.php?rest_route=\/wp\/v2\/users\/1"}],"replies":[{"embeddable":true,"href":"https:\/\/solidaridadnews.com\/index.php?rest_route=%2Fwp%2Fv2%2Fcomments&post=29644"}],"version-history":[{"count":1,"href":"https:\/\/solidaridadnews.com\/index.php?rest_route=\/wp\/v2\/posts\/29644\/revisions"}],"predecessor-version":[{"id":29645,"href":"https:\/\/solidaridadnews.com\/index.php?rest_route=\/wp\/v2\/posts\/29644\/revisions\/29645"}],"wp:featuredmedia":[{"embeddable":true,"href":"https:\/\/solidaridadnews.com\/index.php?rest_route=\/wp\/v2\/media\/29646"}],"wp:attachment":[{"href":"https:\/\/solidaridadnews.com\/index.php?rest_route=%2Fwp%2Fv2%2Fmedia&parent=29644"}],"wp:term":[{"taxonomy":"category","embeddable":true,"href":"https:\/\/solidaridadnews.com\/index.php?rest_route=%2Fwp%2Fv2%2Fcategories&post=29644"},{"taxonomy":"post_tag","embeddable":true,"href":"https:\/\/solidaridadnews.com\/index.php?rest_route=%2Fwp%2Fv2%2Ftags&post=29644"}],"curies":[{"name":"wp","href":"https:\/\/api.w.org\/{rel}","templated":true}]}}