{"id":29641,"date":"2023-10-06T23:16:58","date_gmt":"2023-10-07T04:16:58","guid":{"rendered":"https:\/\/solidaridadnews.com\/?p=29641"},"modified":"2023-10-07T04:17:00","modified_gmt":"2023-10-07T04:17:00","slug":"claudia-sheinbaum-respalda-la-propuesta-de-amlo-para-salvar-una-zona-natural-en-playa-del-carmen","status":"publish","type":"post","link":"https:\/\/solidaridadnews.com\/?p=29641","title":{"rendered":"Claudia Sheinbaum respalda la propuesta de AMLO para salvar una zona natural en Playa del Carmen"},"content":{"rendered":"<header class=\"main-article--header\">\n<h4 class=\"bajada\" style=\"text-align: center;\">El proyecto busca recuperar el territorio\u00a0devastado por la empresa Sac-Tun<\/h4>\n<\/header>\n<div class=\"main-article--autor\">\n<p>Despu\u00e9s de la ma\u00f1anera de hoy, la doctora\u00a0Claudia Sheinbaum\u00a0comparti\u00f3\u00a0mediante su cuenta de \u00ab<em>X<\/em>\u00bb el\u00a0siguiente\u00a0<em>tweet<\/em>:<\/p>\n<div class=\"widget-twitter\">\n<div class=\"widget widget-twitter\">\n<p>En dicha publicaci\u00f3n la representante de\u00a0<strong>Morena<\/strong>, mostr\u00f3 su apoyo a la iniciativa planteada por el presidente de la Rep\u00fablica\u00a0Andr\u00e9s Manuel L\u00f3pez Obrador,\u00a0la cual tiene\u00a0como prop\u00f3sito recuperar el territorio\u00a0devastado por la empresa\u00a0<strong>Sac-Tun<\/strong>, debido a la explotaci\u00f3n\u00a0de piedra caliza.<\/p>\n<div class=\"content-banner\">\n<p>El plan del mandatario consiste en comprar\u00a0los predios de dicha compa\u00f1\u00eda que se localizan en<strong>\u00a0Playa del Carmen<\/strong>\u00a0con la intenci\u00f3n de construir\u00a0un centro de recreativo en dicho lugar. De igual manera se\u00a0plantea convertir el resto de terreno en un \u00e1rea natural protegida.<\/p>\n<div class=\"content-banner\">\n<p>La propuesta econ\u00f3mica para adquirir las hect\u00e1reas que tiene la empresa ya fue presentada por L\u00f3pez Obrador, la cual cotiza el \u00e1rea\u00a0entre<strong>\u00a06 mil y 8 mil millones de pesos<\/strong>, sin embargo\u00a0<strong>Sac-Tun no est\u00e1 de acuerdo con la venta<\/strong>.<\/p>\n<div class=\"content-banner\">\n<h2>\u00bfSe le dar\u00e1 continuidad al caso?<\/h2>\n<p>El mandato de\u00a0Andr\u00e9s Manuel\u00a0est\u00e1 por terminar y la compa\u00f1\u00eda\u00a0est\u00e1 consciente de ello, pues esperan que con el cambio de administraci\u00f3n el tema quede en el olvido, sin embargo el Presidente se pronuncio al respecto:<\/p>\n<p>\u00abNo ha habido respuesta, seguramente est\u00e1n pensando que nos vamos a ir y que con el nuevo gobierno van a poder seguir explotando el banco, yo les aconsejo que no apuesten a eso, porque nosotros no vamos a dejar este asunto en suspenso, antes de irnos vamos a tomar una decisi\u00f3n completamente legal\u00bb refiri\u00f3.<\/p>\n<\/div>\n<\/div>\n<\/div>\n<\/div>\n<\/div>\n<\/div>\n","protected":false},"excerpt":{"rendered":"<p>El proyecto busca recuperar el territorio\u00a0devastado por la empresa Sac-Tun Despu\u00e9s de la ma\u00f1anera de hoy, la doctora\u00a0Claudia Sheinbaum\u00a0comparti\u00f3\u00a0mediante su cuenta de \u00abX\u00bb el\u00a0siguiente\u00a0tweet: En dicha publicaci\u00f3n la representante de\u00a0Morena, mostr\u00f3 su apoyo a la iniciativa planteada por el presidente de la Rep\u00fablica\u00a0Andr\u00e9s Manuel L\u00f3pez Obrador,\u00a0la cual tiene\u00a0como prop\u00f3sito recuperar el territorio\u00a0devastado por la empresa\u00a0Sac-Tun, [&hellip;]<\/p>\n","protected":false},"author":1,"featured_media":29643,"comment_status":"open","ping_status":"closed","sticky":false,"template":"","format":"standard","meta":{"footnotes":""},"categories":[4],"tags":[],"class_list":["post-29641","post","type-post","status-publish","format-standard","has-post-thumbnail","hentry","category-local"],"_links":{"self":[{"href":"https:\/\/solidaridadnews.com\/index.php?rest_route=\/wp\/v2\/posts\/29641","targetHints":{"allow":["GET"]}}],"collection":[{"href":"https:\/\/solidaridadnews.com\/index.php?rest_route=\/wp\/v2\/posts"}],"about":[{"href":"https:\/\/solidaridadnews.com\/index.php?rest_route=\/wp\/v2\/types\/post"}],"author":[{"embeddable":true,"href":"https:\/\/solidaridadnews.com\/index.php?rest_route=\/wp\/v2\/users\/1"}],"replies":[{"embeddable":true,"href":"https:\/\/solidaridadnews.com\/index.php?rest_route=%2Fwp%2Fv2%2Fcomments&post=29641"}],"version-history":[{"count":1,"href":"https:\/\/solidaridadnews.com\/index.php?rest_route=\/wp\/v2\/posts\/29641\/revisions"}],"predecessor-version":[{"id":29642,"href":"https:\/\/solidaridadnews.com\/index.php?rest_route=\/wp\/v2\/posts\/29641\/revisions\/29642"}],"wp:featuredmedia":[{"embeddable":true,"href":"https:\/\/solidaridadnews.com\/index.php?rest_route=\/wp\/v2\/media\/29643"}],"wp:attachment":[{"href":"https:\/\/solidaridadnews.com\/index.php?rest_route=%2Fwp%2Fv2%2Fmedia&parent=29641"}],"wp:term":[{"taxonomy":"category","embeddable":true,"href":"https:\/\/solidaridadnews.com\/index.php?rest_route=%2Fwp%2Fv2%2Fcategories&post=29641"},{"taxonomy":"post_tag","embeddable":true,"href":"https:\/\/solidaridadnews.com\/index.php?rest_route=%2Fwp%2Fv2%2Ftags&post=29641"}],"curies":[{"name":"wp","href":"https:\/\/api.w.org\/{rel}","templated":true}]}}