{"id":29583,"date":"2023-10-03T19:49:44","date_gmt":"2023-10-04T00:49:44","guid":{"rendered":"https:\/\/solidaridadnews.com\/?p=29583"},"modified":"2023-10-04T00:49:45","modified_gmt":"2023-10-04T00:49:45","slug":"continua-profugo-el-causante-del-terrible-accidente-en-playa-del-carmen","status":"publish","type":"post","link":"https:\/\/solidaridadnews.com\/?p=29583","title":{"rendered":"Contin\u00faa pr\u00f3fugo el causante del terrible accidente en Playa del Carmen"},"content":{"rendered":"<div>\n<div class=\"row m-b-15\">\n<div class=\"col-xs-12 col-sm-12 col-md-12 col-lg-12\">\n<h4 class=\"introduction\" style=\"text-align: center;\">El jefe de la polic\u00eda local se\u00f1al\u00f3 que aparentemente el causante de esta desgracia iba bajo los efectos del alcohol.<\/h4>\n<\/div>\n<\/div>\n<\/div>\n<div class=\"row m-b-25\">\n<div class=\"col-xs-12 col-sm-12 col-md-12 col-lg-12 info-extra-new\">\n<p>Contin\u00faa pr\u00f3fugo el chofer de la pipa\u00a0 de agua que es se\u00f1alado como el principal responsable del choque que\u00a0<strong>ocasion\u00f3 la muerte de ocho personas el pasado s\u00e1bado.<\/strong><\/p>\n<p>De acuerdo con Ra\u00fal Tassinari Gonz\u00e1lez,\u00a0<strong>secretario de Seguridad P\u00fablica y Tr\u00e1nsito de Solidaridad<\/strong>, la autoridad ministerial est\u00e1 tras el paradero de esta persona que huy\u00f3 del lugar de los hechos.<\/p>\n<blockquote><p>\u201cEsto fue derivado, de acuerdo con el peritaje que est\u00e1 mencionando la Fiscal\u00eda y la Guardia Nacional, por falta de conducci\u00f3n por el chofer, el cual se encuentra pr\u00f3fugo y se est\u00e1n haciendo las diligencias para dar con el mismo\u201d, dijo Tassinari Gonz\u00e1lez.<\/p><\/blockquote>\n<p>Como se recordar\u00e1, el s\u00e1bado, unos minutos antes de las 7 de la ma\u00f1ana, el chofer de una pipa de agua cuando iba rumbo a la alcald\u00eda\u00a0<strong>Puerto Aventuras por la carretera federal 307 perdi\u00f3 el control de su unidad y se impact\u00f3 con tres unidades m\u00e1s.<\/strong>\u00a0El percance fue a la altura de Calica.<\/p>\n<p>El saldo fue de ocho personas muertas y 13 heridas. Se confirm\u00f3 que la mayor\u00eda era residente de la alcald\u00eda. Ayer se realizaron los sepelios en dicha poblaci\u00f3n, dijeron fuentes del lugar.<\/p>\n<p>El caso m\u00e1s llamativo fue la muerte de una familia que viajaba en la\u00a0<strong>van del sindicato de taxistas L\u00e1zaro C\u00e1rdenas del R\u00edo.<\/strong>\u00a0Estaba integrado por una ni\u00f1a, la mam\u00e1 y la abuela, quienes buscaban arribar a Playa del Carmen para una consulta m\u00e9dica, a donde ya nunca llegaron.<\/p>\n<blockquote><p>\u201cPor desgracia hubo el fallecimiento de una ni\u00f1a, entre los siete a 10 a\u00f1os aproximadamente, igual que sus padres. En este caso cabe mencionar que es una grave situaci\u00f3n que se ha vivido despu\u00e9s de un largo tiempo\u201d, agreg\u00f3 Tassinari Gonz\u00e1lez.<\/p><\/blockquote>\n<p>El jefe de la polic\u00eda local dijo que se ha se\u00f1alado que aparentemente el causante de esta desgracia iba bajo los\u00a0<strong>efectos del alcohol,<\/strong>\u00a0un factor constante en Playa del Carmen.<\/p>\n<p>\u201cNosotros hemos establecido operativos contra el alcohol, sin embargo, hay que saber que la gente busca ser h\u00e1bil y librarse de estas inspecciones. Yo creo que aqu\u00ed vale mucho mencionar el valor que tenemos como ciudadanos y el respeto a nuestra comunidad\u201d, dijo.<\/p>\n<\/div>\n<\/div>\n","protected":false},"excerpt":{"rendered":"<p>El jefe de la polic\u00eda local se\u00f1al\u00f3 que aparentemente el causante de esta desgracia iba bajo los efectos del alcohol. Contin\u00faa pr\u00f3fugo el chofer de la pipa\u00a0 de agua que es se\u00f1alado como el principal responsable del choque que\u00a0ocasion\u00f3 la muerte de ocho personas el pasado s\u00e1bado. De acuerdo con Ra\u00fal Tassinari Gonz\u00e1lez,\u00a0secretario de Seguridad [&hellip;]<\/p>\n","protected":false},"author":1,"featured_media":29585,"comment_status":"open","ping_status":"closed","sticky":false,"template":"","format":"standard","meta":{"footnotes":""},"categories":[4],"tags":[],"class_list":["post-29583","post","type-post","status-publish","format-standard","has-post-thumbnail","hentry","category-local"],"_links":{"self":[{"href":"https:\/\/solidaridadnews.com\/index.php?rest_route=\/wp\/v2\/posts\/29583","targetHints":{"allow":["GET"]}}],"collection":[{"href":"https:\/\/solidaridadnews.com\/index.php?rest_route=\/wp\/v2\/posts"}],"about":[{"href":"https:\/\/solidaridadnews.com\/index.php?rest_route=\/wp\/v2\/types\/post"}],"author":[{"embeddable":true,"href":"https:\/\/solidaridadnews.com\/index.php?rest_route=\/wp\/v2\/users\/1"}],"replies":[{"embeddable":true,"href":"https:\/\/solidaridadnews.com\/index.php?rest_route=%2Fwp%2Fv2%2Fcomments&post=29583"}],"version-history":[{"count":1,"href":"https:\/\/solidaridadnews.com\/index.php?rest_route=\/wp\/v2\/posts\/29583\/revisions"}],"predecessor-version":[{"id":29584,"href":"https:\/\/solidaridadnews.com\/index.php?rest_route=\/wp\/v2\/posts\/29583\/revisions\/29584"}],"wp:featuredmedia":[{"embeddable":true,"href":"https:\/\/solidaridadnews.com\/index.php?rest_route=\/wp\/v2\/media\/29585"}],"wp:attachment":[{"href":"https:\/\/solidaridadnews.com\/index.php?rest_route=%2Fwp%2Fv2%2Fmedia&parent=29583"}],"wp:term":[{"taxonomy":"category","embeddable":true,"href":"https:\/\/solidaridadnews.com\/index.php?rest_route=%2Fwp%2Fv2%2Fcategories&post=29583"},{"taxonomy":"post_tag","embeddable":true,"href":"https:\/\/solidaridadnews.com\/index.php?rest_route=%2Fwp%2Fv2%2Ftags&post=29583"}],"curies":[{"name":"wp","href":"https:\/\/api.w.org\/{rel}","templated":true}]}}