{"id":29580,"date":"2023-10-03T19:48:30","date_gmt":"2023-10-04T00:48:30","guid":{"rendered":"https:\/\/solidaridadnews.com\/?p=29580"},"modified":"2023-10-04T00:48:31","modified_gmt":"2023-10-04T00:48:31","slug":"cae-trabajador-de-obra-en-playa-del-carmen-y-sufre-traumatismo-craneoencefalico-se-salva-de-milagro","status":"publish","type":"post","link":"https:\/\/solidaridadnews.com\/?p=29580","title":{"rendered":"Cae trabajador de obra en Playa del Carmen y sufre traumatismo craneoencef\u00e1lico; se salva de milagro"},"content":{"rendered":"<p><strong>Un trabajador dedicado a la construcci\u00f3n cay\u00f3 desde aproximadamente cinco metros de altura, esto en una obra que se ejecuta en la calle 34 entre las avenidas 30 y 35 de Playa del Carmen.<\/strong><\/p>\n<div>\n<p>Al respecto, el director de bomberos de Solidaridad, Alejandro Contreras D\u00edaz, indic\u00f3 que se tuvieron que realizar varias maniobras para sacar a la persona lesionada, pues al parecer cay\u00f3 hasta los cimientos de la construcci\u00f3n.<\/p>\n<p>\u201cEra necesario sacar a la v\u00edctima, como ustedes vieron, ya va empaquetado con su debida atenci\u00f3n prehospitalaria anterior, pero evidentemente necesitamos hacer unas t\u00e1cticas para sacar al lesionado\u201d, detall\u00f3.<\/p>\n<p>El lesionado sufri\u00f3 traumatismo craneoencef\u00e1lico moderado y dolor agudo en la espalda. Afortunadamente se encuentra fuera de peligro, pr\u00e1cticamente se salv\u00f3 de milagro.<\/p>\n<p>\u201cTiene un traumatismo craneoencef\u00e1lico moderado, es decir, una lesi\u00f3n en la cabeza por el golpe, pero aparte de eso refiere dolor en la espalda; podemos descartar lesi\u00f3n en la columna vertebral, por lo cual es necesario el empacamiento para mitigar el dolor y tener una buena evaluaci\u00f3n a nivel hospitalario\u201d, explic\u00f3 el director de bomberos.<\/p>\n<p>Ante estos accidentes que suceden de una a dos veces por semana en Playa del Carmen, Contreras D\u00edaz recomienda a los trabajadores de la construcci\u00f3n contar con las medidas de seguridad necesarias para poder laborar, como casco de protecci\u00f3n, arn\u00e9s, as\u00ed como anclarse a superficies fijas para evitar las ca\u00eddas.<\/p>\n<p>\u201cAparte de eso, tienen que contar con un param\u00e9dico interno en sus obras y evidentemente contar con los permisos adecuados para poder laborar\u201d, concluy\u00f3.<\/p>\n<p>Cabe resaltar que tras el percance no se pusieron sellos de clausura en la obra ni se acordon\u00f3 la zona. El trabajador finalmente vivi\u00f3 para contarlo.<\/p>\n<\/div>\n","protected":false},"excerpt":{"rendered":"<p>Un trabajador dedicado a la construcci\u00f3n cay\u00f3 desde aproximadamente cinco metros de altura, esto en una obra que se ejecuta en la calle 34 entre las avenidas 30 y 35 de Playa del Carmen. Al respecto, el director de bomberos de Solidaridad, Alejandro Contreras D\u00edaz, indic\u00f3 que se tuvieron que realizar varias maniobras para sacar [&hellip;]<\/p>\n","protected":false},"author":1,"featured_media":29582,"comment_status":"open","ping_status":"closed","sticky":false,"template":"","format":"standard","meta":{"footnotes":""},"categories":[4],"tags":[],"class_list":["post-29580","post","type-post","status-publish","format-standard","has-post-thumbnail","hentry","category-local"],"_links":{"self":[{"href":"https:\/\/solidaridadnews.com\/index.php?rest_route=\/wp\/v2\/posts\/29580","targetHints":{"allow":["GET"]}}],"collection":[{"href":"https:\/\/solidaridadnews.com\/index.php?rest_route=\/wp\/v2\/posts"}],"about":[{"href":"https:\/\/solidaridadnews.com\/index.php?rest_route=\/wp\/v2\/types\/post"}],"author":[{"embeddable":true,"href":"https:\/\/solidaridadnews.com\/index.php?rest_route=\/wp\/v2\/users\/1"}],"replies":[{"embeddable":true,"href":"https:\/\/solidaridadnews.com\/index.php?rest_route=%2Fwp%2Fv2%2Fcomments&post=29580"}],"version-history":[{"count":1,"href":"https:\/\/solidaridadnews.com\/index.php?rest_route=\/wp\/v2\/posts\/29580\/revisions"}],"predecessor-version":[{"id":29581,"href":"https:\/\/solidaridadnews.com\/index.php?rest_route=\/wp\/v2\/posts\/29580\/revisions\/29581"}],"wp:featuredmedia":[{"embeddable":true,"href":"https:\/\/solidaridadnews.com\/index.php?rest_route=\/wp\/v2\/media\/29582"}],"wp:attachment":[{"href":"https:\/\/solidaridadnews.com\/index.php?rest_route=%2Fwp%2Fv2%2Fmedia&parent=29580"}],"wp:term":[{"taxonomy":"category","embeddable":true,"href":"https:\/\/solidaridadnews.com\/index.php?rest_route=%2Fwp%2Fv2%2Fcategories&post=29580"},{"taxonomy":"post_tag","embeddable":true,"href":"https:\/\/solidaridadnews.com\/index.php?rest_route=%2Fwp%2Fv2%2Ftags&post=29580"}],"curies":[{"name":"wp","href":"https:\/\/api.w.org\/{rel}","templated":true}]}}