{"id":29541,"date":"2023-10-01T14:56:05","date_gmt":"2023-10-01T19:56:05","guid":{"rendered":"https:\/\/solidaridadnews.com\/?p=29541"},"modified":"2023-10-01T19:56:06","modified_gmt":"2023-10-01T19:56:06","slug":"convocan-alistar-nuevo-transporte-ante-llegada-del-tren-maya-a-playa-del-carmen","status":"publish","type":"post","link":"https:\/\/solidaridadnews.com\/?p=29541","title":{"rendered":"Convocan alistar nuevo transporte ante llegada del Tren Maya a Playa del Carmen"},"content":{"rendered":"<div>\n<div class=\"row m-b-15\">\n<div class=\"col-xs-12 col-sm-12 col-md-12 col-lg-12\">\n<h4 class=\"introduction\" style=\"text-align: center;\">Indican que el proyecto federal romper\u00e1 todo tipo de esquemas en el municipio.<\/h4>\n<\/div>\n<\/div>\n<\/div>\n<div class=\"row m-b-25\">\n<div class=\"col-xs-12 col-sm-12 col-md-12 col-lg-12 info-extra-new\">\n<p>El s\u00edndico Adri\u00e1n P\u00e9rez Vera urgi\u00f3 convocar a un\u00a0<strong>proceso de licitaci\u00f3n<\/strong>\u00a0de la concesi\u00f3n del transporte p\u00fablico que se apareje al proyecto federal\u00a0<strong>Tren Maya<\/strong>, pr\u00f3ximo a iniciar funciones.<\/p>\n<p>El edil coment\u00f3 que es necesario crear un nuevo plan de movilidad que deber\u00e1 dejar este ayuntamiento para las otras administraciones, pues el proyecto federal romper\u00e1 todo tipo de esquemas en el municipio.<\/p>\n<blockquote><p>\u201cConsidero sumamente oportuno que para un destino como Solidaridad tenemos que licitar el transporte p\u00fablico. Viene el Tren Maya y si no nos adelantamos con un plan de movilidad, no establecemos nuevas rutas: camiones dignos, que tengan c\u00e1maras, amigables con el medio ambiente, que acepten bicicletas, que sean inclusivos\u201d, dijo P\u00e9rez Vera.<\/p><\/blockquote>\n<p>El Tren Maya y su estaci\u00f3n se construyen en la parte media del fraccionamiento Villas del Sol. Pese a que sentar\u00e1 un cambio general en la movilidad del municipio, hasta ahora no se ha hablado sobre nuevas rutas ni\u00a0<strong>nuevos sistemas de movilidad.<\/strong><\/p>\n<p>Actualmente el servicio de transporte p\u00fablico tipo urbano est\u00e1 licitado a favor de la\u00a0<strong>empresa Tucsa<\/strong>, la cual tiene el monopolio en esta modalidad y hasta ahora ning\u00fan gobierno municipal, pese al \u00e1nimo de querer hacerlo, ha logrado\u00a0<strong>concretar la concesi\u00f3n del sistema de transporte p\u00fablico urbano<\/strong>.<\/p>\n<div class=\"media-caption\">\n<p>Esta empresa tiene como socios, seg\u00fan el Registro P\u00fablico de Comercio, diversas personas que tambi\u00e9n son concesionarios del\u00a0<strong>sindicato de taxistas L\u00e1zaro C\u00e1rdenas del R\u00edo.<\/strong><\/p>\n<blockquote><p>\u201cCon reglas claras y transparentes para que participe toda empresa que as\u00ed lo desee, no importa si es Tucsa, taxistas, ADO, siempre y cuando se sometan a las condiciones que nosotros determinemos y no sean unas condiciones leoninas como pas\u00f3 con Playaparq\u201d, abund\u00f3 el s\u00edndico.<\/p><\/blockquote>\n<p>Las quejas contra Tucsa son constantes, por ello el s\u00edndico urgi\u00f3 un cambio en la prestaci\u00f3n del servicio ante la\u00a0<strong>nueva realidad de transporte a la que se asoma velozmente Playa del Carmen.<\/strong><\/p>\n<p>\u201cHoy nuestros estudiantes tienen que tomar dos camiones para llegar a la universidad, tienen que agotar 45 minutos de ida y otra de vuelta\u201d, abund\u00f3.<\/p>\n<\/div>\n<\/div>\n<\/div>\n","protected":false},"excerpt":{"rendered":"<p>Indican que el proyecto federal romper\u00e1 todo tipo de esquemas en el municipio. El s\u00edndico Adri\u00e1n P\u00e9rez Vera urgi\u00f3 convocar a un\u00a0proceso de licitaci\u00f3n\u00a0de la concesi\u00f3n del transporte p\u00fablico que se apareje al proyecto federal\u00a0Tren Maya, pr\u00f3ximo a iniciar funciones. El edil coment\u00f3 que es necesario crear un nuevo plan de movilidad que deber\u00e1 dejar [&hellip;]<\/p>\n","protected":false},"author":1,"featured_media":29543,"comment_status":"open","ping_status":"closed","sticky":false,"template":"","format":"standard","meta":{"footnotes":""},"categories":[4],"tags":[],"class_list":["post-29541","post","type-post","status-publish","format-standard","has-post-thumbnail","hentry","category-local"],"_links":{"self":[{"href":"https:\/\/solidaridadnews.com\/index.php?rest_route=\/wp\/v2\/posts\/29541","targetHints":{"allow":["GET"]}}],"collection":[{"href":"https:\/\/solidaridadnews.com\/index.php?rest_route=\/wp\/v2\/posts"}],"about":[{"href":"https:\/\/solidaridadnews.com\/index.php?rest_route=\/wp\/v2\/types\/post"}],"author":[{"embeddable":true,"href":"https:\/\/solidaridadnews.com\/index.php?rest_route=\/wp\/v2\/users\/1"}],"replies":[{"embeddable":true,"href":"https:\/\/solidaridadnews.com\/index.php?rest_route=%2Fwp%2Fv2%2Fcomments&post=29541"}],"version-history":[{"count":1,"href":"https:\/\/solidaridadnews.com\/index.php?rest_route=\/wp\/v2\/posts\/29541\/revisions"}],"predecessor-version":[{"id":29542,"href":"https:\/\/solidaridadnews.com\/index.php?rest_route=\/wp\/v2\/posts\/29541\/revisions\/29542"}],"wp:featuredmedia":[{"embeddable":true,"href":"https:\/\/solidaridadnews.com\/index.php?rest_route=\/wp\/v2\/media\/29543"}],"wp:attachment":[{"href":"https:\/\/solidaridadnews.com\/index.php?rest_route=%2Fwp%2Fv2%2Fmedia&parent=29541"}],"wp:term":[{"taxonomy":"category","embeddable":true,"href":"https:\/\/solidaridadnews.com\/index.php?rest_route=%2Fwp%2Fv2%2Fcategories&post=29541"},{"taxonomy":"post_tag","embeddable":true,"href":"https:\/\/solidaridadnews.com\/index.php?rest_route=%2Fwp%2Fv2%2Ftags&post=29541"}],"curies":[{"name":"wp","href":"https:\/\/api.w.org\/{rel}","templated":true}]}}