{"id":29496,"date":"2023-09-29T18:42:45","date_gmt":"2023-09-29T23:42:45","guid":{"rendered":"https:\/\/solidaridadnews.com\/?p=29496"},"modified":"2023-09-29T23:42:47","modified_gmt":"2023-09-29T23:42:47","slug":"inauguran-en-playa-del-carmen-la-exposicion-cronicas-visuales","status":"publish","type":"post","link":"https:\/\/solidaridadnews.com\/?p=29496","title":{"rendered":"Inauguran en Playa del Carmen la exposici\u00f3n \u2018Cr\u00f3nicas Visuales\u2019"},"content":{"rendered":"<ul>\n<li><strong><em>Se inaugur\u00f3 en Playa del Carmen la Exposici\u00f3n Colectiva de Fotoperiodismo \u2018Cr\u00f3nicas Visuales\u2019, en la Galer\u00eda de Arte.<\/em><\/strong><\/li>\n<\/ul>\n<p>Con la participaci\u00f3n de 14 expositores y m\u00e1s de 30 obras, se inaugur\u00f3 en Playa del Carmen la Exposici\u00f3n Colectiva de Fotoperiodismo \u201cCr\u00f3nicas Visuales\u201d, en la Galer\u00eda de Arte, con que la presidenta municipal de Solidaridad, Roxana Lili Campos Miranda, destaca el talento de los artistas en espacios dignos.<\/p>\n<p>Sandra Serrano Soto, directora de la Galer\u00eda de Arte de Solidaridad, dio a conocer que los artistas y creadores se inscribieron previa convocatoria publicada hace mes y medio.<\/p>\n<p>A\u00f1adi\u00f3 que la muestra se integra con 34 obras de Beatriz Nones, Ram\u00f3n Maga\u00f1a, Miguel \u00c1ngel Pereyra, Gilberto Esp\u00edndola, Carla Bol\u00edvar, Gast\u00f3n Duarte, Ang\u00e9lica L\u00f3pez, Luis Alfonso, Guadalupe Ceballos, Oscar Alg\u00fcero, Olivia Vivanco, Magdiel Caba\u00f1as, Kenneth Arg\u00fcello y Jennifer Chigo, todos fot\u00f3grafos que muestran a Playa del Carmen a trav\u00e9s de su lente.<\/p>\n<p>Recalc\u00f3 que esta exposici\u00f3n estar\u00e1 abierta hasta el 30 de noviembre en horario de martes a domingo, de 09:00 de la ma\u00f1ana a 05:00 de la tarde, donde los participantes presentan una diversidad de la mirada que registran a trav\u00e9s de sus lentes de los acontecimientos de la ciudad.<\/p>\n<p>Es un legado hist\u00f3rico que muestra el cambio que ha vivido este municipio desde una mirada contempor\u00e1nea.<\/p>\n<p>\u201cPara la presidenta Lili Campos es un honor fomentar a trav\u00e9s de esta galer\u00eda el talento de los artistas de Solidaridad, y reitera su compromiso por difundir y promover a los artistas en un espacio de excelencia para el disfrute de nuestro municipio\u201d, explic\u00f3 Sandra Soto.<\/p>\n","protected":false},"excerpt":{"rendered":"<p>Se inaugur\u00f3 en Playa del Carmen la Exposici\u00f3n Colectiva de Fotoperiodismo \u2018Cr\u00f3nicas Visuales\u2019, en la Galer\u00eda de Arte. Con la participaci\u00f3n de 14 expositores y m\u00e1s de 30 obras, se inaugur\u00f3 en Playa del Carmen la Exposici\u00f3n Colectiva de Fotoperiodismo \u201cCr\u00f3nicas Visuales\u201d, en la Galer\u00eda de Arte, con que la presidenta municipal de Solidaridad, Roxana [&hellip;]<\/p>\n","protected":false},"author":1,"featured_media":29498,"comment_status":"open","ping_status":"closed","sticky":false,"template":"","format":"standard","meta":{"footnotes":""},"categories":[4],"tags":[],"class_list":["post-29496","post","type-post","status-publish","format-standard","has-post-thumbnail","hentry","category-local"],"_links":{"self":[{"href":"https:\/\/solidaridadnews.com\/index.php?rest_route=\/wp\/v2\/posts\/29496","targetHints":{"allow":["GET"]}}],"collection":[{"href":"https:\/\/solidaridadnews.com\/index.php?rest_route=\/wp\/v2\/posts"}],"about":[{"href":"https:\/\/solidaridadnews.com\/index.php?rest_route=\/wp\/v2\/types\/post"}],"author":[{"embeddable":true,"href":"https:\/\/solidaridadnews.com\/index.php?rest_route=\/wp\/v2\/users\/1"}],"replies":[{"embeddable":true,"href":"https:\/\/solidaridadnews.com\/index.php?rest_route=%2Fwp%2Fv2%2Fcomments&post=29496"}],"version-history":[{"count":1,"href":"https:\/\/solidaridadnews.com\/index.php?rest_route=\/wp\/v2\/posts\/29496\/revisions"}],"predecessor-version":[{"id":29497,"href":"https:\/\/solidaridadnews.com\/index.php?rest_route=\/wp\/v2\/posts\/29496\/revisions\/29497"}],"wp:featuredmedia":[{"embeddable":true,"href":"https:\/\/solidaridadnews.com\/index.php?rest_route=\/wp\/v2\/media\/29498"}],"wp:attachment":[{"href":"https:\/\/solidaridadnews.com\/index.php?rest_route=%2Fwp%2Fv2%2Fmedia&parent=29496"}],"wp:term":[{"taxonomy":"category","embeddable":true,"href":"https:\/\/solidaridadnews.com\/index.php?rest_route=%2Fwp%2Fv2%2Fcategories&post=29496"},{"taxonomy":"post_tag","embeddable":true,"href":"https:\/\/solidaridadnews.com\/index.php?rest_route=%2Fwp%2Fv2%2Ftags&post=29496"}],"curies":[{"name":"wp","href":"https:\/\/api.w.org\/{rel}","templated":true}]}}