{"id":29454,"date":"2023-09-28T18:21:58","date_gmt":"2023-09-28T23:21:58","guid":{"rendered":"https:\/\/solidaridadnews.com\/?p=29454"},"modified":"2023-09-28T23:21:59","modified_gmt":"2023-09-28T23:21:59","slug":"incendio-en-playa-del-carmen-autobus-se-incendia-en-la-federal","status":"publish","type":"post","link":"https:\/\/solidaridadnews.com\/?p=29454","title":{"rendered":"Incendio en Playa del Carmen: autob\u00fas se incendia en la federal"},"content":{"rendered":"<div class=\"entry-excerpt px-4\">\n<h4 style=\"text-align: center;\">El cami\u00f3n de la empresa Lipu, dedicada al transporte escolar y de personal, se incendi\u00f3 a la altura de Punta Maroma.<\/h4>\n<p>El incendio de un cami\u00f3n de pasajeros en Playa del Carmen, Quintana Roo, moviliz\u00f3 a los cuerpos de emergencia a\u00a0la carretera federal 307, la tarde de hoy jueves 28 de septiembre.<\/p>\n<p>El cami\u00f3n de la empresa Lipu, dedicada al transporte escolar y de personal, se incendi\u00f3 a la altura de Punta Maroma.<\/p>\n<p>Por el incendio, ni las autoridades de\u00a0Playa del Carmen ni de Quintana Roo han reportado personas lesionadas ni fallecidas.<\/p>\n<p>Aunque medios locales reportaron que el cami\u00f3n transportaba personas en su interior que lograron escapar del vah\u00edculo rompiendo cristales, sufriendo heridas leves.<\/p>\n<p>Tambi\u00e9n reportan personas lesionadas levemente e intoxicadas.<\/p>\n<p>Un video que circula en las redes muestra a personal alej\u00e1ndose del cami\u00f3n cuando comenzaba a incendiarse de la parte frontal.<\/p>\n<p>Una columna de humo negro de varios metros de altura se pudo observar desde varios puntos de ese centro tur\u00edstico.<\/p>\n<p>El incendio fue controlado.<\/p>\n<\/div>\n","protected":false},"excerpt":{"rendered":"<p>El cami\u00f3n de la empresa Lipu, dedicada al transporte escolar y de personal, se incendi\u00f3 a la altura de Punta Maroma. El incendio de un cami\u00f3n de pasajeros en Playa del Carmen, Quintana Roo, moviliz\u00f3 a los cuerpos de emergencia a\u00a0la carretera federal 307, la tarde de hoy jueves 28 de septiembre. El cami\u00f3n de [&hellip;]<\/p>\n","protected":false},"author":1,"featured_media":29456,"comment_status":"open","ping_status":"closed","sticky":false,"template":"","format":"standard","meta":{"footnotes":""},"categories":[4],"tags":[],"class_list":["post-29454","post","type-post","status-publish","format-standard","has-post-thumbnail","hentry","category-local"],"_links":{"self":[{"href":"https:\/\/solidaridadnews.com\/index.php?rest_route=\/wp\/v2\/posts\/29454","targetHints":{"allow":["GET"]}}],"collection":[{"href":"https:\/\/solidaridadnews.com\/index.php?rest_route=\/wp\/v2\/posts"}],"about":[{"href":"https:\/\/solidaridadnews.com\/index.php?rest_route=\/wp\/v2\/types\/post"}],"author":[{"embeddable":true,"href":"https:\/\/solidaridadnews.com\/index.php?rest_route=\/wp\/v2\/users\/1"}],"replies":[{"embeddable":true,"href":"https:\/\/solidaridadnews.com\/index.php?rest_route=%2Fwp%2Fv2%2Fcomments&post=29454"}],"version-history":[{"count":1,"href":"https:\/\/solidaridadnews.com\/index.php?rest_route=\/wp\/v2\/posts\/29454\/revisions"}],"predecessor-version":[{"id":29455,"href":"https:\/\/solidaridadnews.com\/index.php?rest_route=\/wp\/v2\/posts\/29454\/revisions\/29455"}],"wp:featuredmedia":[{"embeddable":true,"href":"https:\/\/solidaridadnews.com\/index.php?rest_route=\/wp\/v2\/media\/29456"}],"wp:attachment":[{"href":"https:\/\/solidaridadnews.com\/index.php?rest_route=%2Fwp%2Fv2%2Fmedia&parent=29454"}],"wp:term":[{"taxonomy":"category","embeddable":true,"href":"https:\/\/solidaridadnews.com\/index.php?rest_route=%2Fwp%2Fv2%2Fcategories&post=29454"},{"taxonomy":"post_tag","embeddable":true,"href":"https:\/\/solidaridadnews.com\/index.php?rest_route=%2Fwp%2Fv2%2Ftags&post=29454"}],"curies":[{"name":"wp","href":"https:\/\/api.w.org\/{rel}","templated":true}]}}