{"id":29377,"date":"2023-09-26T00:00:43","date_gmt":"2023-09-26T05:00:43","guid":{"rendered":"https:\/\/solidaridadnews.com\/?p=29377"},"modified":"2023-09-26T05:00:44","modified_gmt":"2023-09-26T05:00:44","slug":"zona-de-inestabilidad-generara-lluvias-y-frio-alerta-meteorologo-de-playa-del-carmen","status":"publish","type":"post","link":"https:\/\/solidaridadnews.com\/?p=29377","title":{"rendered":"Zona de inestabilidad generar\u00e1 lluvias y fr\u00edo, alerta meteor\u00f3logo de Playa del Carmen"},"content":{"rendered":"<p><b>Podr\u00eda haber lluvias y fr\u00edo en Playa del Carmen debido a una zona de inestabilidad que se ubica en el canal de Yucat\u00e1n y que podr\u00eda evolucionar en los pr\u00f3ximos d\u00edas, alert\u00f3 el meteor\u00f3logo de Playa del Carmen, Luis Antonio Morales Oca\u00f1a.<\/b><\/p>\n<p>\u201cEn estos momentos tenemos un riesgo por una zona de inestabilidad con un potencial de evoluci\u00f3n cerca de las aguas del canal de Yucat\u00e1n y es la que nos ha estado generando estas lluvias muy fuertes; este sistema est\u00e1 motivando que una masa de aire polar sin frente fr\u00edo nos est\u00e1 llegando a la pen\u00ednsula de Yucat\u00e1n\u201d, puntualiz\u00f3 en entrevista el especialista.<\/p>\n<p>A\u00f1adi\u00f3 que esta masa de aire polar es la que est\u00e1 generando temperaturas frescas y agradables principalmente en horas de la noche y amaneceres. Incluso dijo que este d\u00eda se tuvieron 23 grados, los cuales fueron muy agradables dado que en agosto se llegaron a tener hasta 29 grados Celsius, y ahora el calor ya viene en \u201cdeclive\u201d.<\/p>\n<p>Morales Oca\u00f1a anticip\u00f3 que se esperan hasta 56 frentes fr\u00edos, por lo que podr\u00eda vivirse en Playa del Carmen y Quintana Roo un invierno muy crudo.<\/p>\n<p>\u201cYa llevamos el frente fr\u00edo n\u00famero uno y dos, el uno fue el 27 de agosto y el n\u00famero dos en el mes de septiembre. Precisamente a inicios de este mes ya est\u00e1 el frente fr\u00edo n\u00famero 3 en la parte norte del pa\u00eds y consideramos que va a ser un invierno, debido a la cantidad de frentes fr\u00edos pronosticados,muy muy fr\u00edo\u201d, detall\u00f3 el meteor\u00f3logo.<\/p>\n<p>Finalmente, el especialista record\u00f3 que seguimos en temporada de huracanes, por lo que hay que estar atentos a los comunicados oficiales pues a\u00fan existe la posibilidad de que alg\u00fan fen\u00f3meno pueda evolucionar de aqu\u00ed a noviembre pr\u00f3ximo.<\/p>\n","protected":false},"excerpt":{"rendered":"<p>Podr\u00eda haber lluvias y fr\u00edo en Playa del Carmen debido a una zona de inestabilidad que se ubica en el canal de Yucat\u00e1n y que podr\u00eda evolucionar en los pr\u00f3ximos d\u00edas, alert\u00f3 el meteor\u00f3logo de Playa del Carmen, Luis Antonio Morales Oca\u00f1a. \u201cEn estos momentos tenemos un riesgo por una zona de inestabilidad con un [&hellip;]<\/p>\n","protected":false},"author":1,"featured_media":29379,"comment_status":"open","ping_status":"closed","sticky":false,"template":"","format":"standard","meta":{"footnotes":""},"categories":[4],"tags":[],"class_list":["post-29377","post","type-post","status-publish","format-standard","has-post-thumbnail","hentry","category-local"],"_links":{"self":[{"href":"https:\/\/solidaridadnews.com\/index.php?rest_route=\/wp\/v2\/posts\/29377","targetHints":{"allow":["GET"]}}],"collection":[{"href":"https:\/\/solidaridadnews.com\/index.php?rest_route=\/wp\/v2\/posts"}],"about":[{"href":"https:\/\/solidaridadnews.com\/index.php?rest_route=\/wp\/v2\/types\/post"}],"author":[{"embeddable":true,"href":"https:\/\/solidaridadnews.com\/index.php?rest_route=\/wp\/v2\/users\/1"}],"replies":[{"embeddable":true,"href":"https:\/\/solidaridadnews.com\/index.php?rest_route=%2Fwp%2Fv2%2Fcomments&post=29377"}],"version-history":[{"count":1,"href":"https:\/\/solidaridadnews.com\/index.php?rest_route=\/wp\/v2\/posts\/29377\/revisions"}],"predecessor-version":[{"id":29378,"href":"https:\/\/solidaridadnews.com\/index.php?rest_route=\/wp\/v2\/posts\/29377\/revisions\/29378"}],"wp:featuredmedia":[{"embeddable":true,"href":"https:\/\/solidaridadnews.com\/index.php?rest_route=\/wp\/v2\/media\/29379"}],"wp:attachment":[{"href":"https:\/\/solidaridadnews.com\/index.php?rest_route=%2Fwp%2Fv2%2Fmedia&parent=29377"}],"wp:term":[{"taxonomy":"category","embeddable":true,"href":"https:\/\/solidaridadnews.com\/index.php?rest_route=%2Fwp%2Fv2%2Fcategories&post=29377"},{"taxonomy":"post_tag","embeddable":true,"href":"https:\/\/solidaridadnews.com\/index.php?rest_route=%2Fwp%2Fv2%2Ftags&post=29377"}],"curies":[{"name":"wp","href":"https:\/\/api.w.org\/{rel}","templated":true}]}}