{"id":29374,"date":"2023-09-25T23:59:46","date_gmt":"2023-09-26T04:59:46","guid":{"rendered":"https:\/\/solidaridadnews.com\/?p=29374"},"modified":"2023-09-26T04:59:48","modified_gmt":"2023-09-26T04:59:48","slug":"indigente-pierde-la-vida-sobre-la-avenida-110-de-playa-del-carmen","status":"publish","type":"post","link":"https:\/\/solidaridadnews.com\/?p=29374","title":{"rendered":"Indigente pierde la vida sobre la avenida 110 de Playa del Carmen"},"content":{"rendered":"<div>\n<div class=\"row m-b-15\">\n<div class=\"col-xs-12 col-sm-12 col-md-12 col-lg-12\">\n<h3 class=\"introduction\" style=\"text-align: center;\">Vecinos lo identificaron como un hombre al que siempre ve\u00edan empujando un carrito de supermercado.<\/h3>\n<\/div>\n<\/div>\n<\/div>\n<div class=\"row m-b-25\">\n<div class=\"col-xs-12 col-sm-12 col-md-12 col-lg-12 info-extra-new\">\n<p>Un\u00a0<strong>indigente perdi\u00f3 la vida<\/strong>\u00a0durante la tarde de este lunes en calles de la ciudad de Playa del Carmen. Los vecinos de la zona vieron c\u00f3mo el hombre se desmay\u00f3 y a pesar de la llegada de una ambulancia, solo fue para confirmar su fallecimiento.<\/p>\n<p>Eran minutos antes de las 13:30 horas cuando las centralistas del n\u00famero de emergencias 911 recibieron un reporte en la que solicitaron el arribo de una unidad m\u00e9dica para una persona que\u00a0<strong>perdi\u00f3 el conocimiento sobre la avenida 110<\/strong>, entre las calles 26 con 24.<\/p>\n<p>Los primeros en llegar fueron elementos de la Polic\u00eda Municipal, quienes localizaron a un hombre que fue identificado por los vecinos como un indigente de la zona, al que siempre ve\u00edan empujando un carrito de supermercado, el cual se encontraba sin respirar y tirado en la v\u00eda p\u00fablica.<\/p>\n<p>Al llegar param\u00e9dicos de una ambulancia,\u00a0<strong>lamentablemente confirmaron que el individuo ya no contaba<\/strong>, son signos vitales, por lo que taparon el cuerpo con una s\u00e1bana quir\u00fargica color azul mientras los polic\u00edas extend\u00edan la el \u00e1rea de acordonamiento.<\/p>\n<p>Finalmente, al lugar llegaron peritos de la Fiscal\u00eda General del Estado (<strong>FGE<\/strong>), quienes realizaron el levantamiento del cad\u00e1ver y lo trasladaron al Servicio M\u00e9dico Forense para la necropsia de rigor.<\/p>\n<\/div>\n<\/div>\n","protected":false},"excerpt":{"rendered":"<p>Vecinos lo identificaron como un hombre al que siempre ve\u00edan empujando un carrito de supermercado. Un\u00a0indigente perdi\u00f3 la vida\u00a0durante la tarde de este lunes en calles de la ciudad de Playa del Carmen. Los vecinos de la zona vieron c\u00f3mo el hombre se desmay\u00f3 y a pesar de la llegada de una ambulancia, solo fue [&hellip;]<\/p>\n","protected":false},"author":1,"featured_media":29376,"comment_status":"open","ping_status":"closed","sticky":false,"template":"","format":"standard","meta":{"footnotes":""},"categories":[4],"tags":[],"class_list":["post-29374","post","type-post","status-publish","format-standard","has-post-thumbnail","hentry","category-local"],"_links":{"self":[{"href":"https:\/\/solidaridadnews.com\/index.php?rest_route=\/wp\/v2\/posts\/29374","targetHints":{"allow":["GET"]}}],"collection":[{"href":"https:\/\/solidaridadnews.com\/index.php?rest_route=\/wp\/v2\/posts"}],"about":[{"href":"https:\/\/solidaridadnews.com\/index.php?rest_route=\/wp\/v2\/types\/post"}],"author":[{"embeddable":true,"href":"https:\/\/solidaridadnews.com\/index.php?rest_route=\/wp\/v2\/users\/1"}],"replies":[{"embeddable":true,"href":"https:\/\/solidaridadnews.com\/index.php?rest_route=%2Fwp%2Fv2%2Fcomments&post=29374"}],"version-history":[{"count":1,"href":"https:\/\/solidaridadnews.com\/index.php?rest_route=\/wp\/v2\/posts\/29374\/revisions"}],"predecessor-version":[{"id":29375,"href":"https:\/\/solidaridadnews.com\/index.php?rest_route=\/wp\/v2\/posts\/29374\/revisions\/29375"}],"wp:featuredmedia":[{"embeddable":true,"href":"https:\/\/solidaridadnews.com\/index.php?rest_route=\/wp\/v2\/media\/29376"}],"wp:attachment":[{"href":"https:\/\/solidaridadnews.com\/index.php?rest_route=%2Fwp%2Fv2%2Fmedia&parent=29374"}],"wp:term":[{"taxonomy":"category","embeddable":true,"href":"https:\/\/solidaridadnews.com\/index.php?rest_route=%2Fwp%2Fv2%2Fcategories&post=29374"},{"taxonomy":"post_tag","embeddable":true,"href":"https:\/\/solidaridadnews.com\/index.php?rest_route=%2Fwp%2Fv2%2Ftags&post=29374"}],"curies":[{"name":"wp","href":"https:\/\/api.w.org\/{rel}","templated":true}]}}