{"id":29341,"date":"2023-09-23T12:59:25","date_gmt":"2023-09-23T17:59:25","guid":{"rendered":"https:\/\/solidaridadnews.com\/?p=29341"},"modified":"2023-09-24T18:01:10","modified_gmt":"2023-09-24T18:01:10","slug":"jenni-rivera-se-manifesto-dos-de-sus-hermanos-vivieron-una-experiencia-paranormal","status":"publish","type":"post","link":"https:\/\/solidaridadnews.com\/?p=29341","title":{"rendered":"\u00bfJenni Rivera se manifest\u00f3? Dos de sus hermanos vivieron una experiencia paranormal"},"content":{"rendered":"<h4 class=\"story-subheadline\" style=\"text-align: center;\">Al parecer la Diva de la Banda se le manifest\u00f3 a dos de sus hermanos con tremendo susto tras una experiencia paranormal.<\/h4>\n<div class=\"main-image-container\">\n<p class=\"default__StyledText-sc-1x318ic-0 bRircF\"><b>Dos de los hermanos de\u00a0<\/b><b>Jenni Rivera\u00a0<\/b><b>vivieron una experiencia paranormal<\/b>, ser\u00e1 qu\u00e9 la Diva de la Banda se les manifest\u00f3.<\/p>\n<p class=\"default__StyledText-sc-1x318ic-0 bRircF\">Tremendo susto que se llevaron\u00a0<b>Juan y Rosie Rivera\u00a0<\/b>-de 45 y 42 a\u00f1os de edad respectivamente- tras vivir una experiencia paranormal en plena entrevista.<\/p>\n<h2 class=\"heading__StyledHeading-sc-14htiis-0 brJAZw\">Jenni Rivera se est\u00e1 manifestando, esto es lo que les paso a dos de sus hermanos con experiencia paranormal<\/h2>\n<p class=\"default__StyledText-sc-1x318ic-0 bRircF\">A trav\u00e9s de las redes sociales, el nombre de la fallecida cantante\u00a0<b>Jenni Rivera<\/b>\u00a0vuelve a resonar, pues al parecer su alma se est\u00e1 manifestando y todo qued\u00f3 grabado.<\/p>\n<p class=\"default__StyledText-sc-1x318ic-0 bRircF\">Luego de que en plena entrevista con el periodista Gabriel Roa -de qui\u00e9n se desconoce su edad- Juan y Rosie Rivera, hermanos de Jenni Rivera vivieran una\u00a0<b>experiencia paranormal<\/b>\u00a0fuera de lo com\u00fan.<\/p>\n<p class=\"default__StyledText-sc-1x318ic-0 bRircF\">Pues en video se puede observar el momento exacto en el que\u00a0<u>sin m\u00e1s se desliz\u00f3 una taza sobre la mesa.<\/u><\/p>\n<p class=\"default__StyledText-sc-1x318ic-0 bRircF\">Haciendo que\u00a0<b>Rosie Rivera\u00a0<\/b>se llevar\u00e1 un tremendo susto, mientras que los r\u00e1pidos reflejos de Juan Rivera detuvieron la taza.<\/p>\n<p class=\"default__StyledText-sc-1x318ic-0 bRircF\">Momento que tambi\u00e9n hizo que Juan Rivera preguntar\u00e1 inmediatamente si hab\u00edan grabado, mientras Rosie Rivera cuestion\u00f3 a Gabriel Roa por lo sucedido:\u00a0<u>\u201c\u00bfUsted hizo eso? \u00bfQui\u00e9n lo hizo?\u201d.<\/u><\/p>\n<p class=\"default__StyledText-sc-1x318ic-0 bRircF\">Sin embargo, ante la negativa del periodista y su equipo quienes tambi\u00e9n se mostraron asustados tras vivir la extra\u00f1a<b>\u00a0experiencia paranormal<\/b>, en redes sociales las dudas comenzaron a surgir.<\/p>\n<h2 class=\"heading__StyledHeading-sc-14htiis-0 brJAZw\">\u00bfJuan y Rosie Rivera, hermanos de Jenni Rivera planearon experiencia paranormal?<\/h2>\n<p class=\"default__StyledText-sc-1x318ic-0 bRircF\">Luego de que el video en el que al parecer la<b>\u00a0Diva de la Banda\u00a0<\/b>se hizo presente con una experiencia paranormal a dos de sus hermanos, las dudas de los internautas han comenzado a salir.<\/p>\n<p class=\"default__StyledText-sc-1x318ic-0 bRircF\">Por lo que muchos son los que han cuestionado si\u00a0<b>Juan y Rosie Rivera, hermanos de Jenni Rivera\u00a0<\/b>planearon esta experiencia paranormal.<\/p>\n<p class=\"default__StyledText-sc-1x318ic-0 bRircF\">Pues este video sale a la luz en pleno pleito familiar, luego de que Pedro Rivera -de 80 a\u00f1os- padre de Jenny Rivera, fuera demandado por presunta explotaci\u00f3n comercial no autorizada de las grabaciones e imagen de la cantante por parte de sus nietos.<\/p>\n<p class=\"default__StyledText-sc-1x318ic-0 bRircF\">Lo que ha hecho que se diga que este video fue planeado para distraer ante los conflictos legales entre la familia Rivera.<\/p>\n<p class=\"default__StyledText-sc-1x318ic-0 bRircF\">Sin embargo, seg\u00fan la influencer de chismes Chamonic asegur\u00f3 que dicha grabaci\u00f3n de los hermanos de\u00a0<b>Jenni Rivera<\/b>\u00a0fue antes de que saliera dicha demanda entre la famosa familia.<\/p>\n<\/div>\n","protected":false},"excerpt":{"rendered":"<p>Al parecer la Diva de la Banda se le manifest\u00f3 a dos de sus hermanos con tremendo susto tras una experiencia paranormal. Dos de los hermanos de\u00a0Jenni Rivera\u00a0vivieron una experiencia paranormal, ser\u00e1 qu\u00e9 la Diva de la Banda se les manifest\u00f3. Tremendo susto que se llevaron\u00a0Juan y Rosie Rivera\u00a0-de 45 y 42 a\u00f1os de edad [&hellip;]<\/p>\n","protected":false},"author":1,"featured_media":29343,"comment_status":"open","ping_status":"closed","sticky":false,"template":"","format":"standard","meta":{"footnotes":""},"categories":[3],"tags":[],"class_list":["post-29341","post","type-post","status-publish","format-standard","has-post-thumbnail","hentry","category-espectaculos"],"_links":{"self":[{"href":"https:\/\/solidaridadnews.com\/index.php?rest_route=\/wp\/v2\/posts\/29341","targetHints":{"allow":["GET"]}}],"collection":[{"href":"https:\/\/solidaridadnews.com\/index.php?rest_route=\/wp\/v2\/posts"}],"about":[{"href":"https:\/\/solidaridadnews.com\/index.php?rest_route=\/wp\/v2\/types\/post"}],"author":[{"embeddable":true,"href":"https:\/\/solidaridadnews.com\/index.php?rest_route=\/wp\/v2\/users\/1"}],"replies":[{"embeddable":true,"href":"https:\/\/solidaridadnews.com\/index.php?rest_route=%2Fwp%2Fv2%2Fcomments&post=29341"}],"version-history":[{"count":1,"href":"https:\/\/solidaridadnews.com\/index.php?rest_route=\/wp\/v2\/posts\/29341\/revisions"}],"predecessor-version":[{"id":29342,"href":"https:\/\/solidaridadnews.com\/index.php?rest_route=\/wp\/v2\/posts\/29341\/revisions\/29342"}],"wp:featuredmedia":[{"embeddable":true,"href":"https:\/\/solidaridadnews.com\/index.php?rest_route=\/wp\/v2\/media\/29343"}],"wp:attachment":[{"href":"https:\/\/solidaridadnews.com\/index.php?rest_route=%2Fwp%2Fv2%2Fmedia&parent=29341"}],"wp:term":[{"taxonomy":"category","embeddable":true,"href":"https:\/\/solidaridadnews.com\/index.php?rest_route=%2Fwp%2Fv2%2Fcategories&post=29341"},{"taxonomy":"post_tag","embeddable":true,"href":"https:\/\/solidaridadnews.com\/index.php?rest_route=%2Fwp%2Fv2%2Ftags&post=29341"}],"curies":[{"name":"wp","href":"https:\/\/api.w.org\/{rel}","templated":true}]}}