{"id":29326,"date":"2023-09-22T18:24:56","date_gmt":"2023-09-22T23:24:56","guid":{"rendered":"https:\/\/solidaridadnews.com\/?p=29326"},"modified":"2023-09-22T23:24:58","modified_gmt":"2023-09-22T23:24:58","slug":"playa-del-carmen-presentara-su-propio-merida-en-domingo","status":"publish","type":"post","link":"https:\/\/solidaridadnews.com\/?p=29326","title":{"rendered":"Playa del Carmen presentar\u00e1 su propio \u201cM\u00e9rida en Domingo\u201d"},"content":{"rendered":"<div class=\"newsfull__info\">\n<div class=\"newsfull__excerpt\">\n<p>\u201cM\u00e9rida en Domingo\u201d es un exitoso proyecto cultural que podr\u00eda causar un gran impacto positivo en Playa del Carmen<\/p>\n<\/div>\n<\/div>\n<div class=\"newsfull__container\">\n<div class=\"newsfull__content\">\n<div class=\"newsfull__body\">\n<p><strong>Playa del Carmen<\/strong>, uno de los destinos tur\u00edsticos m\u00e1s populares de M\u00e9xico, est\u00e1 listo para dar vida a un nuevo y emocionante evento de fin de semana que se asemejar\u00e1 a los ic\u00f3nicos \u00abM\u00e9rida en Domingo\u00bb y \u00abNoches Blancas\u00bb de la ciudad de M\u00e9rida,\u00a0la cual en tres d\u00edas te puede dejar deslumbrado.<\/p>\n<p>Los preparativos ya est\u00e1n en marcha para lo que promete ser una experiencia cultural y festiva \u00fanica en la famosa Quinta Avenida de\u00a0<strong>Playa del Carmen<\/strong>.<\/p>\n<h2>\u00bfC\u00f3mo ser\u00eda el \u201cM\u00e9rida en Domingo\u201d de Playa del Carmen?<\/h2>\n<div>\n<p>Al igual que en M\u00e9rida, el evento en\u00a0<strong>Playa del Carmen<\/strong>\u00a0cerrar\u00e1 temporalmente las calles al tr\u00e1nsito vehicular, transformando el coraz\u00f3n de la ciudad en una feria vibrante que celebrar\u00e1 la rica cultura de la regi\u00f3n.<\/p>\n<div class=\"banner hide--mobile\">\n<p>Los visitantes podr\u00e1n disfrutar de aut\u00e9nticas artesan\u00edas yucatecas, explorar tesoros literarios en los puestos de libros antiguos, saborear deliciosos antojitos t\u00edpicos de la regi\u00f3n y degustar las refrescantes bebidas tradicionales que son un sello distintivo de la Pen\u00ednsula de Yucat\u00e1n.<\/p>\n<p>Pero la experiencia no se limitar\u00e1 a la gastronom\u00eda y las compras, ya que los organizadores planean ofrecer una variada programaci\u00f3n de espect\u00e1culos folcl\u00f3ricos que capturar\u00e1n la esencia de la cultura mexicana, desde danzas tradicionales hasta m\u00fasica en vivo.<\/p>\n<p>Adem\u00e1s, habr\u00e1 actividades recreativas para entretener a ni\u00f1os y adultos por igual, creando un ambiente festivo y familiar.<\/p>\n<h2>La primera sede de\u00a0 \u201cM\u00e9rida en Domingo\u201d de Playa del Carmen<\/h2>\n<div>\n<p>La Quinta Avenida de Playa del Carmen,\u00a0conocida por su belleza esc\u00e9nica y su variada oferta de tiendas y restaurantes, se convertir\u00e1 en el escenario perfecto para esta experiencia cultural \u00fanica.<\/p>\n<p>Los visitantes locales y turistas tendr\u00e1n la oportunidad de explorar y celebrar la riqueza cultural de M\u00e9xico en un ambiente relajado y amigable.<\/p>\n<p>Este emocionante evento de fin de semana promete ser una adici\u00f3n\u00a0bienvenida al calendario de actividades de Playa del Carmen, brindando a los residentes y visitantes la oportunidad de sumergirse en la cultura y la tradici\u00f3n mexicanas en uno de los destinos costeros m\u00e1s encantadores del pa\u00eds.<\/p>\n<\/div>\n<\/div>\n<\/div>\n<\/div>\n<\/div>\n<\/div>\n","protected":false},"excerpt":{"rendered":"<p>\u201cM\u00e9rida en Domingo\u201d es un exitoso proyecto cultural que podr\u00eda causar un gran impacto positivo en Playa del Carmen Playa del Carmen, uno de los destinos tur\u00edsticos m\u00e1s populares de M\u00e9xico, est\u00e1 listo para dar vida a un nuevo y emocionante evento de fin de semana que se asemejar\u00e1 a los ic\u00f3nicos \u00abM\u00e9rida en Domingo\u00bb [&hellip;]<\/p>\n","protected":false},"author":1,"featured_media":29328,"comment_status":"open","ping_status":"closed","sticky":false,"template":"","format":"standard","meta":{"footnotes":""},"categories":[4],"tags":[],"class_list":["post-29326","post","type-post","status-publish","format-standard","has-post-thumbnail","hentry","category-local"],"_links":{"self":[{"href":"https:\/\/solidaridadnews.com\/index.php?rest_route=\/wp\/v2\/posts\/29326","targetHints":{"allow":["GET"]}}],"collection":[{"href":"https:\/\/solidaridadnews.com\/index.php?rest_route=\/wp\/v2\/posts"}],"about":[{"href":"https:\/\/solidaridadnews.com\/index.php?rest_route=\/wp\/v2\/types\/post"}],"author":[{"embeddable":true,"href":"https:\/\/solidaridadnews.com\/index.php?rest_route=\/wp\/v2\/users\/1"}],"replies":[{"embeddable":true,"href":"https:\/\/solidaridadnews.com\/index.php?rest_route=%2Fwp%2Fv2%2Fcomments&post=29326"}],"version-history":[{"count":1,"href":"https:\/\/solidaridadnews.com\/index.php?rest_route=\/wp\/v2\/posts\/29326\/revisions"}],"predecessor-version":[{"id":29327,"href":"https:\/\/solidaridadnews.com\/index.php?rest_route=\/wp\/v2\/posts\/29326\/revisions\/29327"}],"wp:featuredmedia":[{"embeddable":true,"href":"https:\/\/solidaridadnews.com\/index.php?rest_route=\/wp\/v2\/media\/29328"}],"wp:attachment":[{"href":"https:\/\/solidaridadnews.com\/index.php?rest_route=%2Fwp%2Fv2%2Fmedia&parent=29326"}],"wp:term":[{"taxonomy":"category","embeddable":true,"href":"https:\/\/solidaridadnews.com\/index.php?rest_route=%2Fwp%2Fv2%2Fcategories&post=29326"},{"taxonomy":"post_tag","embeddable":true,"href":"https:\/\/solidaridadnews.com\/index.php?rest_route=%2Fwp%2Fv2%2Ftags&post=29326"}],"curies":[{"name":"wp","href":"https:\/\/api.w.org\/{rel}","templated":true}]}}