{"id":29302,"date":"2023-09-21T08:18:39","date_gmt":"2023-09-21T13:18:39","guid":{"rendered":"https:\/\/solidaridadnews.com\/?p=29302"},"modified":"2023-09-21T13:18:40","modified_gmt":"2023-09-21T13:18:40","slug":"se-resbala-un-volquete-en-las-obras-del-tren-maya-en-villas-del-sol-de-playa-del-carmen","status":"publish","type":"post","link":"https:\/\/solidaridadnews.com\/?p=29302","title":{"rendered":"Se resbala un volquete en las obras del Tren Maya en Villas del Sol de Playa del Carmen"},"content":{"rendered":"<p><strong>Un volquete que es utilizado en las obras del Tren Maya que se desarrollan en Villas del Sol de Playa del Carmen sufri\u00f3 un percance, ya que al estar maniobrando se volte\u00f3. Por fortuna no hubo personas lesionadas e incluso el chofer sali\u00f3 por su propio pie.<\/strong><\/p>\n<p>Fue este martes 19 de septiembre cuando se report\u00f3 un percance en las obras del proyecto m\u00e1s importante del gobierno federal, y que se llevan a cabo en el municipio de Solidaridad.<\/p>\n<p>Se trat\u00f3 de un volquete que circulaba por el paso a desnivel y cuyo conductor realiz\u00f3 una maniobra, lo que ocasion\u00f3 que terminara volcado en Perif\u00e9rico con avenida Sur.<\/p>\n<p>Todo se debi\u00f3 a que el conductor del volquete se posicion\u00f3 muy cerca de la orilla de una pendiente, por lo que termin\u00f3 resbalando debido al peso de la unidad.<\/p>\n<p>Tras la volcadura, personal que labora en estas obras del Tren Maya en Villas del Sol de Playa del Carmen se apresur\u00f3 a intentar subir la unidad y ponerla de pie. Para ello hab\u00eda quienes jalaban el volquete mientras una maquinaria lo empujaba.<\/p>\n<p>Cabe resaltar que m\u00e1s all\u00e1 del susto, no hubo lesiones que lamentar en este incidente ocurrido en en tramo 5 del\u00a0<strong>Tren Maya<\/strong>, en las obras que se ejecutan en la zona de Villas del Sol, el \u00e1rea m\u00e1s poblada en toda\u00a0<strong>Playa del Carmen<\/strong>.<\/p>\n<p>Los percances en las obras se presentan debido a que se trabaja a marchas forzadas para tener todo listo en diciembre para la inauguraci\u00f3n, tal como prometi\u00f3 el presidente de la rep\u00fablica.<\/p>\n","protected":false},"excerpt":{"rendered":"<p>Un volquete que es utilizado en las obras del Tren Maya que se desarrollan en Villas del Sol de Playa del Carmen sufri\u00f3 un percance, ya que al estar maniobrando se volte\u00f3. Por fortuna no hubo personas lesionadas e incluso el chofer sali\u00f3 por su propio pie. Fue este martes 19 de septiembre cuando se [&hellip;]<\/p>\n","protected":false},"author":1,"featured_media":29304,"comment_status":"open","ping_status":"closed","sticky":false,"template":"","format":"standard","meta":{"footnotes":""},"categories":[4],"tags":[],"class_list":["post-29302","post","type-post","status-publish","format-standard","has-post-thumbnail","hentry","category-local"],"_links":{"self":[{"href":"https:\/\/solidaridadnews.com\/index.php?rest_route=\/wp\/v2\/posts\/29302","targetHints":{"allow":["GET"]}}],"collection":[{"href":"https:\/\/solidaridadnews.com\/index.php?rest_route=\/wp\/v2\/posts"}],"about":[{"href":"https:\/\/solidaridadnews.com\/index.php?rest_route=\/wp\/v2\/types\/post"}],"author":[{"embeddable":true,"href":"https:\/\/solidaridadnews.com\/index.php?rest_route=\/wp\/v2\/users\/1"}],"replies":[{"embeddable":true,"href":"https:\/\/solidaridadnews.com\/index.php?rest_route=%2Fwp%2Fv2%2Fcomments&post=29302"}],"version-history":[{"count":1,"href":"https:\/\/solidaridadnews.com\/index.php?rest_route=\/wp\/v2\/posts\/29302\/revisions"}],"predecessor-version":[{"id":29303,"href":"https:\/\/solidaridadnews.com\/index.php?rest_route=\/wp\/v2\/posts\/29302\/revisions\/29303"}],"wp:featuredmedia":[{"embeddable":true,"href":"https:\/\/solidaridadnews.com\/index.php?rest_route=\/wp\/v2\/media\/29304"}],"wp:attachment":[{"href":"https:\/\/solidaridadnews.com\/index.php?rest_route=%2Fwp%2Fv2%2Fmedia&parent=29302"}],"wp:term":[{"taxonomy":"category","embeddable":true,"href":"https:\/\/solidaridadnews.com\/index.php?rest_route=%2Fwp%2Fv2%2Fcategories&post=29302"},{"taxonomy":"post_tag","embeddable":true,"href":"https:\/\/solidaridadnews.com\/index.php?rest_route=%2Fwp%2Fv2%2Ftags&post=29302"}],"curies":[{"name":"wp","href":"https:\/\/api.w.org\/{rel}","templated":true}]}}