{"id":29299,"date":"2023-09-21T08:17:44","date_gmt":"2023-09-21T13:17:44","guid":{"rendered":"https:\/\/solidaridadnews.com\/?p=29299"},"modified":"2023-09-21T13:17:45","modified_gmt":"2023-09-21T13:17:45","slug":"proponen-que-para-abrir-negocios-en-playa-del-carmen-sea-obligatorio-tomar-un-curso-antiextorsion","status":"publish","type":"post","link":"https:\/\/solidaridadnews.com\/?p=29299","title":{"rendered":"Proponen que para abrir negocios en Playa del Carmen sea obligatorio tomar un curso antiextorsi\u00f3n"},"content":{"rendered":"<p><strong>En Playa del Carmen buscan que sea obligatorio que toda aquella persona que desee abrir un comercio tome un curso antiextorsi\u00f3n, para saber c\u00f3mo prevenir este delito. Eso es lo que est\u00e1n proponiendo las autoridades.<\/strong><\/p>\n<div>\n<p>Esta propuesta del\u00a0<strong>gobierno de Lili Campos<\/strong>, fue explicada por el sexto<strong>\u00a0regidor<\/strong>\u00a0y presidente de la Comisi\u00f3n de Seguridad de Solidaridad,\u00a0<strong>Rodolfo del \u00c1ngel Campos<\/strong>, quien dijo que este curso podr\u00eda ser parte del proceso para tramitar la licencia de funcionamiento.<\/p>\n<p>\u201cEstamos buscando para el otro ejercicio que dentro de los requisitos de la licencia de funcionamiento haya la obligatoriedad de llevar un\u00a0<strong>curso antiextorsi\u00f3n<\/strong>, que sepan qu\u00e9 hacer, c\u00f3mo hacerle, que sepan c\u00f3mo combinarse ante las autoridades, con las autoridades correspondientes, y esto ayude a disminuir y prevenir la incidencia\u201d, detall\u00f3 el concejal en entrevista.<\/p>\n<p>Se le pregunt\u00f3 al regidor si la extorsi\u00f3n es un tema que afecta a la econom\u00eda local. Y dijo que s\u00ed, y que ha sido importante que hayan aumentado las denuncias. Sin embargo, hay muchos casos que no se dan a conocer debido al temor de la ciudadan\u00eda de\u00a0<strong>Playa del Carmen.<\/strong><\/p>\n<p>Lo que se busca es que con la prevenci\u00f3n se puedan evitar m\u00e1s casos de extorsi\u00f3n en el municipio de\u00a0<strong>Solidaridad<\/strong>.<\/p>\n<p>Para que esta propuesta pueda materializarse, tambi\u00e9n habr\u00eda que modificar la Ley de Hacienda, apunt\u00f3\u00a0<strong>Del \u00c1ngel Campos<\/strong>.<\/p>\n<p>\u201cNosotros lo que hemos hecho desde esta comisi\u00f3n es buscar modificaciones a la Ley de Hacienda que permitan dar mayor capacitaci\u00f3n a toda la gente y puedan ayudar a prevenir este tipo de situaciones. Al tener informaci\u00f3n y saber c\u00f3mo actuar, al saber c\u00f3mo prevenir estaremos ayudando tambi\u00e9n a que estos casos no est\u00e9n incrementando, porque muchos pudieran ser muy riesgosos. Lo que buscamos es que la gente sepa c\u00f3mo actuar\u201d, detall\u00f3 el regidor.<\/p>\n<p>De esta manera el gobierno de\u00a0<strong>Lili Campos<\/strong>\u00a0busca darle m\u00e1s herramientas a los ciudadanos y empresarios para defenderse de los\u00a0<strong>extorsionadores<\/strong>\u00a0que acechan\u00a0<strong>Playa del Carmen<\/strong>.<\/p>\n<\/div>\n","protected":false},"excerpt":{"rendered":"<p>En Playa del Carmen buscan que sea obligatorio que toda aquella persona que desee abrir un comercio tome un curso antiextorsi\u00f3n, para saber c\u00f3mo prevenir este delito. Eso es lo que est\u00e1n proponiendo las autoridades. Esta propuesta del\u00a0gobierno de Lili Campos, fue explicada por el sexto\u00a0regidor\u00a0y presidente de la Comisi\u00f3n de Seguridad de Solidaridad,\u00a0Rodolfo del [&hellip;]<\/p>\n","protected":false},"author":1,"featured_media":29301,"comment_status":"open","ping_status":"closed","sticky":false,"template":"","format":"standard","meta":{"footnotes":""},"categories":[4],"tags":[],"class_list":["post-29299","post","type-post","status-publish","format-standard","has-post-thumbnail","hentry","category-local"],"_links":{"self":[{"href":"https:\/\/solidaridadnews.com\/index.php?rest_route=\/wp\/v2\/posts\/29299","targetHints":{"allow":["GET"]}}],"collection":[{"href":"https:\/\/solidaridadnews.com\/index.php?rest_route=\/wp\/v2\/posts"}],"about":[{"href":"https:\/\/solidaridadnews.com\/index.php?rest_route=\/wp\/v2\/types\/post"}],"author":[{"embeddable":true,"href":"https:\/\/solidaridadnews.com\/index.php?rest_route=\/wp\/v2\/users\/1"}],"replies":[{"embeddable":true,"href":"https:\/\/solidaridadnews.com\/index.php?rest_route=%2Fwp%2Fv2%2Fcomments&post=29299"}],"version-history":[{"count":1,"href":"https:\/\/solidaridadnews.com\/index.php?rest_route=\/wp\/v2\/posts\/29299\/revisions"}],"predecessor-version":[{"id":29300,"href":"https:\/\/solidaridadnews.com\/index.php?rest_route=\/wp\/v2\/posts\/29299\/revisions\/29300"}],"wp:featuredmedia":[{"embeddable":true,"href":"https:\/\/solidaridadnews.com\/index.php?rest_route=\/wp\/v2\/media\/29301"}],"wp:attachment":[{"href":"https:\/\/solidaridadnews.com\/index.php?rest_route=%2Fwp%2Fv2%2Fmedia&parent=29299"}],"wp:term":[{"taxonomy":"category","embeddable":true,"href":"https:\/\/solidaridadnews.com\/index.php?rest_route=%2Fwp%2Fv2%2Fcategories&post=29299"},{"taxonomy":"post_tag","embeddable":true,"href":"https:\/\/solidaridadnews.com\/index.php?rest_route=%2Fwp%2Fv2%2Ftags&post=29299"}],"curies":[{"name":"wp","href":"https:\/\/api.w.org\/{rel}","templated":true}]}}