{"id":29275,"date":"2023-09-20T16:31:16","date_gmt":"2023-09-20T21:31:16","guid":{"rendered":"https:\/\/solidaridadnews.com\/?p=29275"},"modified":"2023-09-20T21:31:17","modified_gmt":"2023-09-20T21:31:17","slug":"menores-en-playa-del-carmen-reciben-capacitacion-en-primeros-auxilios","status":"publish","type":"post","link":"https:\/\/solidaridadnews.com\/?p=29275","title":{"rendered":"Menores en Playa del Carmen reciben capacitaci\u00f3n en primeros auxilios"},"content":{"rendered":"<h4 class=\"jeg_post_subtitle\" style=\"text-align: center;\">El gobierno municipal promueve la capacitaci\u00f3n en primeros auxilios en los menores en Playa del Carmen.<\/h4>\n<div class=\"jeg_meta_container\">\n<div class=\"jeg_post_meta jeg_post_meta_1\">\n<p>El gobierno municipal impulsa desde el nivel preescolar la preparaci\u00f3n\u00a0<strong>para identificar y reaccionar a tiempo en caso de reanimaci\u00f3n cardio pulmonar y atragantamiento.<\/strong><\/p>\n<div class=\"jeg_ad jeg_ad_article jnews_content_inline_ads  \">\n<div class=\"ads-wrapper align-center \">\n<div class=\"ads_google_ads\">\n<p>Han sido poco m\u00e1s de 300 los estudiantes de nivel preescolar que han participado en la actividad de Reanimaci\u00f3n Cardio Pulmonar (RCP) del programa \u201cCon Mis Manos Salvo Vidas\u201d que impulsa la presidenta Lili Campos en coordinaci\u00f3n con la Cruz Roja de Playa del Carmen.<\/p>\n<h2>Capacitaci\u00f3n a menores en Playa del Carmen para los primeros auxilios<\/h2>\n<p><em>\u201cHoy nuestras ni\u00f1as y ni\u00f1os son educados en la prevenci\u00f3n de la salud a trav\u00e9s de una canci\u00f3n, recuerden que ustedes son lo m\u00e1s valioso del mundo. Adem\u00e1s, hoy el gobierno, ciudadan\u00eda e iniciativa privada debemos de trabajar de la mano, porque las familias de\u00a0Solidaridad\u00a0son lo m\u00e1s valioso que tenemos\u201d<\/em>, puntualiz\u00f3 la presidenta en el evento.<\/p>\n<p>Importante se\u00f1alar que el programa citada es llevado a cabo por la delegaci\u00f3n Cruz Roja Mexicana, Playa del Carmen, que\u00a0<strong>estar\u00e1 capacitando a la poblaci\u00f3n en el tema de resucitaci\u00f3n cardio pulmonar (RCP) y maniobra de Heimlich (en caso de atragantamiento).<\/strong>\u00a0La relevancia del programa es significativa, ya que facilitar\u00e1, ante un acontecimiento, que cualquier persona pueda identificar el problema, pedir ayuda y actuar.<\/p>\n<\/div>\n<\/div>\n<\/div>\n<\/div>\n<\/div>\n","protected":false},"excerpt":{"rendered":"<p>El gobierno municipal promueve la capacitaci\u00f3n en primeros auxilios en los menores en Playa del Carmen. El gobierno municipal impulsa desde el nivel preescolar la preparaci\u00f3n\u00a0para identificar y reaccionar a tiempo en caso de reanimaci\u00f3n cardio pulmonar y atragantamiento. Han sido poco m\u00e1s de 300 los estudiantes de nivel preescolar que han participado en la [&hellip;]<\/p>\n","protected":false},"author":1,"featured_media":29277,"comment_status":"open","ping_status":"closed","sticky":false,"template":"","format":"standard","meta":{"footnotes":""},"categories":[4],"tags":[],"class_list":["post-29275","post","type-post","status-publish","format-standard","has-post-thumbnail","hentry","category-local"],"_links":{"self":[{"href":"https:\/\/solidaridadnews.com\/index.php?rest_route=\/wp\/v2\/posts\/29275","targetHints":{"allow":["GET"]}}],"collection":[{"href":"https:\/\/solidaridadnews.com\/index.php?rest_route=\/wp\/v2\/posts"}],"about":[{"href":"https:\/\/solidaridadnews.com\/index.php?rest_route=\/wp\/v2\/types\/post"}],"author":[{"embeddable":true,"href":"https:\/\/solidaridadnews.com\/index.php?rest_route=\/wp\/v2\/users\/1"}],"replies":[{"embeddable":true,"href":"https:\/\/solidaridadnews.com\/index.php?rest_route=%2Fwp%2Fv2%2Fcomments&post=29275"}],"version-history":[{"count":1,"href":"https:\/\/solidaridadnews.com\/index.php?rest_route=\/wp\/v2\/posts\/29275\/revisions"}],"predecessor-version":[{"id":29276,"href":"https:\/\/solidaridadnews.com\/index.php?rest_route=\/wp\/v2\/posts\/29275\/revisions\/29276"}],"wp:featuredmedia":[{"embeddable":true,"href":"https:\/\/solidaridadnews.com\/index.php?rest_route=\/wp\/v2\/media\/29277"}],"wp:attachment":[{"href":"https:\/\/solidaridadnews.com\/index.php?rest_route=%2Fwp%2Fv2%2Fmedia&parent=29275"}],"wp:term":[{"taxonomy":"category","embeddable":true,"href":"https:\/\/solidaridadnews.com\/index.php?rest_route=%2Fwp%2Fv2%2Fcategories&post=29275"},{"taxonomy":"post_tag","embeddable":true,"href":"https:\/\/solidaridadnews.com\/index.php?rest_route=%2Fwp%2Fv2%2Ftags&post=29275"}],"curies":[{"name":"wp","href":"https:\/\/api.w.org\/{rel}","templated":true}]}}