{"id":29272,"date":"2023-09-20T16:30:09","date_gmt":"2023-09-20T21:30:09","guid":{"rendered":"https:\/\/solidaridadnews.com\/?p=29272"},"modified":"2023-09-20T21:30:10","modified_gmt":"2023-09-20T21:30:10","slug":"hoteles-del-centro-de-playa-del-carmen-tienen-hasta-40-reservado-para-la-temporada-invernal","status":"publish","type":"post","link":"https:\/\/solidaridadnews.com\/?p=29272","title":{"rendered":"Hoteles del centro de Playa del Carmen tienen hasta 40% reservado para la temporada invernal"},"content":{"rendered":"<p><strong>Los hoteles del centro de Playa del Carmen esperan tener una muy buena temporada de fin de a\u00f1o. Y de hecho, al momento ya hay un 40 por ciento de reservaciones para diciembre de 2023 y enero y febrero del pr\u00f3ximo a\u00f1o.<\/strong><\/p>\n<div>\n<p>Y es que dado que el verano no fue el que esperaba este sector, los hoteleros le apuestan a que las \u00faltimas semanas del a\u00f1o puedan estar cerca de los llenos totales.<\/p>\n<p>\u201cPara el invierno estamos esperando que haya un aumento en las reservaciones. Justamente a partir de este mes de septiembre muchos de los turistas que vienen de Norteam\u00e9rica empiezan a hacer su reservaciones; entonces s\u00ed hemos tenido ya un movimiento de reservas para los meses de diciembre, enero y febrero\u201d, destac\u00f3 en entrevista\u00a0<strong>Osner Arjona<\/strong>, presidente de la\u00a0<strong>Asociaci\u00f3n de Peque\u00f1os Hoteles de Playa del Carmen<\/strong>.<\/p>\n<p>Apunt\u00f3 que si bien el fin de semana de las fiestas patrias no fue lo que esperaban, conf\u00edan en que el repunte comience en octubre. Y el que ya haya reservaciones para fin de a\u00f1o los pone optimistas.<\/p>\n<p>\u201cSe est\u00e1 haciendo una base para la reservaciones a futuro para diciembre, enero, y yo creo que ya se est\u00e1 teniendo como entre un 30 y un 40 por ciento de base, lo cual, con la anticipaci\u00f3n a cuatro meses est\u00e1 bastante bien. Y como mencion\u00e9, en octubre se piensa que tendr\u00e1 un repunte todav\u00eda mayor\u201d, detall\u00f3 el directivo hotelero.<\/p>\n<p>Finalmente, y al preguntarle su opini\u00f3n sobre el informe de gobierno de la\u00a0<strong>presidenta Lili Campos<\/strong>, el empresario dijo que ha habido muchos avances y logros en\u00a0<strong>Playa del Carmen<\/strong>.<\/p>\n<p>\u201cFelicitamos a la presidenta y a todo su equipo; sin duda han habido muchos avances, muchos logros, las cosas que present\u00f3 ella fueron cosas que se ven en la ciudadan\u00eda; hay mucho camino por recorrer, pero creo que el rumbo est\u00e1 fijado y se va avanzando\u201d.<\/p>\n<\/div>\n","protected":false},"excerpt":{"rendered":"<p>Los hoteles del centro de Playa del Carmen esperan tener una muy buena temporada de fin de a\u00f1o. Y de hecho, al momento ya hay un 40 por ciento de reservaciones para diciembre de 2023 y enero y febrero del pr\u00f3ximo a\u00f1o. Y es que dado que el verano no fue el que esperaba este [&hellip;]<\/p>\n","protected":false},"author":1,"featured_media":29274,"comment_status":"open","ping_status":"closed","sticky":false,"template":"","format":"standard","meta":{"footnotes":""},"categories":[4],"tags":[],"class_list":["post-29272","post","type-post","status-publish","format-standard","has-post-thumbnail","hentry","category-local"],"_links":{"self":[{"href":"https:\/\/solidaridadnews.com\/index.php?rest_route=\/wp\/v2\/posts\/29272","targetHints":{"allow":["GET"]}}],"collection":[{"href":"https:\/\/solidaridadnews.com\/index.php?rest_route=\/wp\/v2\/posts"}],"about":[{"href":"https:\/\/solidaridadnews.com\/index.php?rest_route=\/wp\/v2\/types\/post"}],"author":[{"embeddable":true,"href":"https:\/\/solidaridadnews.com\/index.php?rest_route=\/wp\/v2\/users\/1"}],"replies":[{"embeddable":true,"href":"https:\/\/solidaridadnews.com\/index.php?rest_route=%2Fwp%2Fv2%2Fcomments&post=29272"}],"version-history":[{"count":1,"href":"https:\/\/solidaridadnews.com\/index.php?rest_route=\/wp\/v2\/posts\/29272\/revisions"}],"predecessor-version":[{"id":29273,"href":"https:\/\/solidaridadnews.com\/index.php?rest_route=\/wp\/v2\/posts\/29272\/revisions\/29273"}],"wp:featuredmedia":[{"embeddable":true,"href":"https:\/\/solidaridadnews.com\/index.php?rest_route=\/wp\/v2\/media\/29274"}],"wp:attachment":[{"href":"https:\/\/solidaridadnews.com\/index.php?rest_route=%2Fwp%2Fv2%2Fmedia&parent=29272"}],"wp:term":[{"taxonomy":"category","embeddable":true,"href":"https:\/\/solidaridadnews.com\/index.php?rest_route=%2Fwp%2Fv2%2Fcategories&post=29272"},{"taxonomy":"post_tag","embeddable":true,"href":"https:\/\/solidaridadnews.com\/index.php?rest_route=%2Fwp%2Fv2%2Ftags&post=29272"}],"curies":[{"name":"wp","href":"https:\/\/api.w.org\/{rel}","templated":true}]}}