{"id":29245,"date":"2023-09-19T14:57:44","date_gmt":"2023-09-19T19:57:44","guid":{"rendered":"https:\/\/solidaridadnews.com\/?p=29245"},"modified":"2023-09-19T19:57:46","modified_gmt":"2023-09-19T19:57:46","slug":"con-eventos-culturales-playa-del-carmen-hara-frente-a-la-temporada-baja","status":"publish","type":"post","link":"https:\/\/solidaridadnews.com\/?p=29245","title":{"rendered":"Con eventos culturales, Playa del Carmen har\u00e1 frente a la temporada baja"},"content":{"rendered":"<p><strong>A fin de que la temporada baja no pegue tanto en Playa del Carmen, el Gobierno de Solidaridad que encabeza Lili Campos Miranda busca atraer m\u00e1s turismo al destino por medio de diversos eventos culturales.<\/strong><\/p>\n<div>\n<p>As\u00ed lo se\u00f1al\u00f3 en entrevista la\u00a0<strong>secretaria de Turismo de Solidaridad<\/strong>,\u00a0<strong>Samaria Angulo Sala<\/strong>, quien detall\u00f3 algunos de los eventos que se preparan en el municipio, particularmente en la\u00a0<strong>Quinta Avenida<\/strong>\u00a0y la zona tur\u00edstica.<\/p>\n<p>\u201cEstamos trabajando tambi\u00e9n la propuesta de generar eventos culturales en la Quinta para mitigar esta temporada relativamente baja\u201d, puntualiz\u00f3 la funcionaria municipal.<\/p>\n<p>La intenci\u00f3n de gobierno de\u00a0<strong>Lili Campos<\/strong>, explica\u00a0<strong>Samaria Angulo<\/strong>, es que estos eventos culturales que se ofertar\u00e1n en esta temporada baja se queden como algo permanente, es decir, durante todo el a\u00f1o, a fin de seguir ofreciendo m\u00e1s opciones a los\u00a0<strong>turistas nacionales e internacionales<\/strong>\u00a0que llegan a\u00a0<strong>Playa del Carmen<\/strong>.<\/p>\n<p>Por ahora habr\u00e1 que ver temas de presupuesto para iniciar con una primera etapa y ver cu\u00e1l es la respuesta de la gente ante estos eventos culturales en la Quinta Avenida y la zona tur\u00edstica de Playa del Carmen.<\/p>\n<p>En otro tema, y que tambi\u00e9n tiene que ver con seguir generando m\u00e1s espacios y atractivos para los turistas,\u00a0<strong>Samaria Angulo<\/strong>\u00a0destac\u00f3 que est\u00e1n en pl\u00e1ticas con Sectur para ver la posibilidad de que\u00a0<strong>Solidaridad<\/strong>\u00a0se integre al programa de Barrios M\u00e1gicos.<\/p>\n<p>Para finalizar,\u00a0<strong>Angulo Sala<\/strong>\u00a0apunt\u00f3 que el gobierno de\u00a0<strong>Lili Campos<\/strong>\u00a0siempre est\u00e1 pendiente de los\u00a0<strong>turistas<\/strong>\u00a0y los apoya en todo momento, ya sea que requieran hacer un tr\u00e1mite, pedir la reposici\u00f3n de sus documentos, cuando son v\u00edctimas de alg\u00fan delito. Los ayudan a comunicarse con sus Consulados y Embajadas cuando llegan a necesitarlo.<\/p>\n<\/div>\n","protected":false},"excerpt":{"rendered":"<p>A fin de que la temporada baja no pegue tanto en Playa del Carmen, el Gobierno de Solidaridad que encabeza Lili Campos Miranda busca atraer m\u00e1s turismo al destino por medio de diversos eventos culturales. As\u00ed lo se\u00f1al\u00f3 en entrevista la\u00a0secretaria de Turismo de Solidaridad,\u00a0Samaria Angulo Sala, quien detall\u00f3 algunos de los eventos que se [&hellip;]<\/p>\n","protected":false},"author":1,"featured_media":29247,"comment_status":"open","ping_status":"closed","sticky":false,"template":"","format":"standard","meta":{"footnotes":""},"categories":[4],"tags":[],"class_list":["post-29245","post","type-post","status-publish","format-standard","has-post-thumbnail","hentry","category-local"],"_links":{"self":[{"href":"https:\/\/solidaridadnews.com\/index.php?rest_route=\/wp\/v2\/posts\/29245","targetHints":{"allow":["GET"]}}],"collection":[{"href":"https:\/\/solidaridadnews.com\/index.php?rest_route=\/wp\/v2\/posts"}],"about":[{"href":"https:\/\/solidaridadnews.com\/index.php?rest_route=\/wp\/v2\/types\/post"}],"author":[{"embeddable":true,"href":"https:\/\/solidaridadnews.com\/index.php?rest_route=\/wp\/v2\/users\/1"}],"replies":[{"embeddable":true,"href":"https:\/\/solidaridadnews.com\/index.php?rest_route=%2Fwp%2Fv2%2Fcomments&post=29245"}],"version-history":[{"count":1,"href":"https:\/\/solidaridadnews.com\/index.php?rest_route=\/wp\/v2\/posts\/29245\/revisions"}],"predecessor-version":[{"id":29246,"href":"https:\/\/solidaridadnews.com\/index.php?rest_route=\/wp\/v2\/posts\/29245\/revisions\/29246"}],"wp:featuredmedia":[{"embeddable":true,"href":"https:\/\/solidaridadnews.com\/index.php?rest_route=\/wp\/v2\/media\/29247"}],"wp:attachment":[{"href":"https:\/\/solidaridadnews.com\/index.php?rest_route=%2Fwp%2Fv2%2Fmedia&parent=29245"}],"wp:term":[{"taxonomy":"category","embeddable":true,"href":"https:\/\/solidaridadnews.com\/index.php?rest_route=%2Fwp%2Fv2%2Fcategories&post=29245"},{"taxonomy":"post_tag","embeddable":true,"href":"https:\/\/solidaridadnews.com\/index.php?rest_route=%2Fwp%2Fv2%2Ftags&post=29245"}],"curies":[{"name":"wp","href":"https:\/\/api.w.org\/{rel}","templated":true}]}}