{"id":29218,"date":"2023-09-18T15:48:26","date_gmt":"2023-09-18T20:48:26","guid":{"rendered":"https:\/\/solidaridadnews.com\/?p=29218"},"modified":"2023-09-18T20:48:27","modified_gmt":"2023-09-18T20:48:27","slug":"un-turista-estadounidense-murio-luego-de-hacer-un-clavado-en-el-cenote-azul-de-playa-del-carmen","status":"publish","type":"post","link":"https:\/\/solidaridadnews.com\/?p=29218","title":{"rendered":"Un turista estadounidense muri\u00f3 luego de hacer un clavado en el Cenote Azul de Playa del Carmen"},"content":{"rendered":"<div class=\"hidden\">\n<h4 class=\"com-subhead --bajada --m-xs-\" style=\"text-align: center;\">Un hombre originario de EE.UU. perdi\u00f3 la vida mientras hac\u00eda actividades recreativas en un complejo tur\u00edstico de M\u00e9xico; a pesar de los esfuerzos de los rescatistas no pudieron reanimarlo<\/h4>\n<\/div>\n<div class=\"hidden\"><strong>Un hombre norteamericano que vacacionaba en M\u00e9xico\u00a0<\/strong><strong>muri\u00f3 en un tr\u00e1gico accidente<\/strong><strong>\u00a0en Playa del Carmen<\/strong>, uno de los destinos tur\u00edsticos m\u00e1s reconocidos del territorio azteca. El sujeto se lanz\u00f3 al famoso Cenote Azul el pasado 16 de septiembre, pero al impactar con el agua se golpe\u00f3 en la cabeza y se ahog\u00f3. Las autoridades asistieron de inmediato al llamado de emergencia. Sin embargo, no pudieron reanimarlo porque ya no contaba con signos vitales.<\/p>\n<p class=\"com-paragraph   --s\">El turista, cuya identidad todav\u00eda se desconoce, realiz\u00f3 un clavado al cenote como muchos lo hacen en este tipo de conjuntos acu\u00e1ticos. Sin embargo,\u00a0<strong>cay\u00f3 encima sobre una roca y por el fuerte impacto qued\u00f3 inconsciente<\/strong>, seg\u00fan detall\u00f3\u00a0<em>Milenio<\/em>. Esto provoc\u00f3 que, mientras intentaban rescatarlo, trag\u00f3 una gran cantidad de agua, por lo que falleci\u00f3 ahogado a los pocos minutos.<\/p>\n<div class=\"hidden\">\n<div class=\"mod-banner --middle_1_dsk\">\n<p class=\"com-paragraph   --s\">El incidente se dio en el marco de\u00a0la celebraci\u00f3n de la Independencia de M\u00e9xico, cerca del kil\u00f3metro 268 de la v\u00eda federal 307. A este sitio se dirigieron los cuerpos de rescate, al mismo tiempo que el personal del cenote intentaba reanimar a la v\u00edctima con maniobras cardiopulmonares.\u00a0<strong>No obstante, a pesar de que se hicieron m\u00faltiples intentos por salvarle la vida, los socorristas terminaron por confirmar el deceso<\/strong>.<\/p>\n<div class=\"hidden\"><\/div>\n<p class=\"com-paragraph   --s\">Elementos de la Fiscal\u00eda General de Quintana Roo, estado en el que se encuentra Playa del Carmen, trasladaron el cuerpo al Servicio M\u00e9dico Forense (Semefo). Por el momento no se sabe si la v\u00edctima mortal viajaba con m\u00e1s personas o si el cad\u00e1ver permanecer\u00e1 en dicha morgue hasta que alguien lo reclame.<\/p>\n<p class=\"com-paragraph   --s\"><strong>El Cenote Azul es considerado una de las reservas naturales m\u00e1s bonitas de la regi\u00f3n<\/strong>. Tiene aguas muy cristalinas, tanto que se pueden ver las enormes rocas que hay en el fondo. Se ubica en la Riviera Maya, sobre la ruta federal Canc\u00fan &#8211; Tulum.<\/p>\n<div class=\"hidden\"><\/div>\n<h2 class=\"com-title --font-primary --xl --font-extra\">Otros accidentes en Quintana Roo<\/h2>\n<p class=\"com-paragraph   --s\"><strong>No es la primera vez que turistas mueren en un accidente en aguas del estado mexicano en los \u00faltimos d\u00edas<\/strong>. Seg\u00fan el\u00a0<em>Diario de Quintana Roo<\/em>, un hombre de 31 a\u00f1os muri\u00f3 ahogado en la Laguna de Los Siete Colores, en las inmediaciones del Canal de los Piratas. De un momento a otro, el individuo desapareci\u00f3 y se iniciaron los trabajos de b\u00fasqueda.<\/p>\n<p class=\"com-paragraph   --s\">Sus familiares\u00a0<strong>indicaron que nadaba sobre la parte m\u00e1s baja, cuando de pronto lo vieron metros m\u00e1s atr\u00e1s.\u00a0<\/strong>Un hombre, quien se identific\u00f3 como su cu\u00f1ado, trat\u00f3 de llegar hasta \u00e9l para rescatarlo, pero debido a la distancia le fue casi imposible hacerlo en forma inmediata. Al mismo tiempo que lo intentaba, dej\u00f3 de ver a la v\u00edctima y minutos despu\u00e9s lo encontr\u00f3 flotando sobre el agua. Aunque lo arrastraron a la orilla, sus esfuerzos por reanimarlo fueron en vano. As\u00ed, llamaron a las autoridades para que realizara las diligencias correspondientes y llevaran el cuerpo al Semefo, como lo marca la ley mexicana.<\/p>\n<div class=\"hidden\"><\/div>\n<\/div>\n<\/div>\n<\/div>\n","protected":false},"excerpt":{"rendered":"<p>Un hombre originario de EE.UU. perdi\u00f3 la vida mientras hac\u00eda actividades recreativas en un complejo tur\u00edstico de M\u00e9xico; a pesar de los esfuerzos de los rescatistas no pudieron reanimarlo Un hombre norteamericano que vacacionaba en M\u00e9xico\u00a0muri\u00f3 en un tr\u00e1gico accidente\u00a0en Playa del Carmen, uno de los destinos tur\u00edsticos m\u00e1s reconocidos del territorio azteca. El sujeto [&hellip;]<\/p>\n","protected":false},"author":1,"featured_media":29220,"comment_status":"open","ping_status":"closed","sticky":false,"template":"","format":"standard","meta":{"footnotes":""},"categories":[4],"tags":[],"class_list":["post-29218","post","type-post","status-publish","format-standard","has-post-thumbnail","hentry","category-local"],"_links":{"self":[{"href":"https:\/\/solidaridadnews.com\/index.php?rest_route=\/wp\/v2\/posts\/29218","targetHints":{"allow":["GET"]}}],"collection":[{"href":"https:\/\/solidaridadnews.com\/index.php?rest_route=\/wp\/v2\/posts"}],"about":[{"href":"https:\/\/solidaridadnews.com\/index.php?rest_route=\/wp\/v2\/types\/post"}],"author":[{"embeddable":true,"href":"https:\/\/solidaridadnews.com\/index.php?rest_route=\/wp\/v2\/users\/1"}],"replies":[{"embeddable":true,"href":"https:\/\/solidaridadnews.com\/index.php?rest_route=%2Fwp%2Fv2%2Fcomments&post=29218"}],"version-history":[{"count":1,"href":"https:\/\/solidaridadnews.com\/index.php?rest_route=\/wp\/v2\/posts\/29218\/revisions"}],"predecessor-version":[{"id":29219,"href":"https:\/\/solidaridadnews.com\/index.php?rest_route=\/wp\/v2\/posts\/29218\/revisions\/29219"}],"wp:featuredmedia":[{"embeddable":true,"href":"https:\/\/solidaridadnews.com\/index.php?rest_route=\/wp\/v2\/media\/29220"}],"wp:attachment":[{"href":"https:\/\/solidaridadnews.com\/index.php?rest_route=%2Fwp%2Fv2%2Fmedia&parent=29218"}],"wp:term":[{"taxonomy":"category","embeddable":true,"href":"https:\/\/solidaridadnews.com\/index.php?rest_route=%2Fwp%2Fv2%2Fcategories&post=29218"},{"taxonomy":"post_tag","embeddable":true,"href":"https:\/\/solidaridadnews.com\/index.php?rest_route=%2Fwp%2Fv2%2Ftags&post=29218"}],"curies":[{"name":"wp","href":"https:\/\/api.w.org\/{rel}","templated":true}]}}