{"id":29171,"date":"2023-09-15T11:13:55","date_gmt":"2023-09-15T16:13:55","guid":{"rendered":"https:\/\/solidaridadnews.com\/?p=29171"},"modified":"2023-09-15T16:13:56","modified_gmt":"2023-09-15T16:13:56","slug":"riviera-maya-jazz-festival-2023-regresa-a-playa-del-carmen","status":"publish","type":"post","link":"https:\/\/solidaridadnews.com\/?p=29171","title":{"rendered":"Riviera Maya Jazz Festival 2023 regresa a Playa del Carmen"},"content":{"rendered":"<div class=\"newsfull__info\">\n<div class=\"newsfull__excerpt\">\n<p>El 24 y 25 de noviembre regresa Riviera Maya Jazz Festival 2023 a Playa del Carmen con su edici\u00f3n n\u00famero 20<\/p>\n<\/div>\n<\/div>\n<div class=\"newsfull__container\">\n<div class=\"newsfull__content\">\n<div class=\"newsfull__body\">\n<p><strong>Playa del Carmen<\/strong>\u00a0se viste de gala para recibir nuevamente el\u00a0<strong>Riviera Maya Jazz Festival 2023<\/strong>, uno de los eventos gratuitos de m\u00fasica jazz m\u00e1s prestigiosos a nivel mundial en su edici\u00f3n n\u00famero 20, evento que sin duda, no debes perderte.<\/p>\n<p><strong>\u00bfCu\u00e1ndo se hizo el primer Riviera Maya Jazz Festival?<\/strong><\/p>\n<p>Fue en el a\u00f1o 2003 cuando se dio por primera vez este\u00a0<strong>Festival de Jazz en Playa del Carmen<\/strong>\u00a0bajo el nombre de Latin Jazz Festival, que m\u00e1s tarde fue cambiado al nombre con el que se conoce en la actualidad, coloc\u00e1ndose dentro de los diez mejores festivales en el mundo.<\/p>\n<p>Este evento es \u00fanico por ser gratuito y a\u00fan as\u00ed, ofrecer una cartelera llena de grandes artistas que han sido galardonados con prestigiosos premios como los Grammy, por lo que este a\u00f1o no puedes perd\u00e9rtelo.<\/p>\n<h2>Riviera Maya Jazz Festival 2023 vuelve a Playa del Carmen<\/h2>\n<p>Luego de que\u00a0<strong>Playa del Carmen<\/strong>\u00a0se viera afectado debido a la pandemia, el\u00a0Riviera Maya Jazz Festival 2020 tuvo que adaptarse a una edici\u00f3n digital, sin embargo, ahora regresa con todo para brindar un espect\u00e1culo de primera, luego de ausentarse por tres a\u00f1os.<\/p>\n<p>La experiencia que brinda es \u00fanica, no te quedes con las ganas de disfrutarlo a la orilla de la playa el pr\u00f3ximo 24 y 25 de noviembre en\u00a0Playa Mamitas, el \u00edcono de la Riviera Maya, no hay excusa para no asistir a este concierto en el que participar\u00e1n reconocidos artistas a nivel internacional.<\/p>\n<p>Si ya te est\u00e1s animando a ir, no olvides ir con ropa c\u00f3moda, llevar agua, una toalla para poder disfrutar del concierto sentado en la arena, y sobre todo, mucha actitud para que puedas vivir a flor de piel los dos d\u00edas llenos de m\u00fasica jazz.<\/p>\n<div class=\"ck-related-news\">\n<div class=\"newsfull__related\">\n<div class=\"newsfull__related-content\">\n<h2>Programa para el Festival de Jazz en Playa del Carmen<\/h2>\n<div>\n<p>El programa del\u00a0<strong>Festival de Jazz<\/strong>\u00a0se divide en dos d\u00edas: el viernes 24 de noviembre se estar\u00e1 presentando Iraida Noriega, Pedrito Mart\u00ednez, la reconocida agrupaci\u00f3n Spanish Harlem Orchestra con Miguel Zen\u00f3n y Giovanni Hidalgo, as\u00ed como el diez veces ganador del premio Grammy, Arturo Sandoval.<\/p>\n<p>Al d\u00eda siguiente, el s\u00e1bado 25 de noviembre, ser\u00e1 el turno de Aguamala, Antonio S\u00e1nchez, Snarky Puppy y Chris Botti, quienes prometen ofrecer actuaciones memorables con los que pasar\u00e1s momento m\u00e1gico mientras sientes la brisa del mar en tu rostro.<\/p>\n<div class=\"newsfull__body\">\n<p>Este a\u00f1o, el\u00a0<strong>Riviera Maya Jazz Festival 2023<\/strong>\u00a0promete ser mejor que los anteriores, raz\u00f3n por la que no te lo puedes perder, adem\u00e1s de que es una de las actividades en\u00a0<strong>Playa del Carmen<\/strong>\u00a0para disfrutar si eres mochilero, ya que no tiene un costo de entrada.<\/p>\n<\/div>\n<div class=\"module module--list module--relatednews\">\n<div class=\"module__header\"><\/div>\n<\/div>\n<\/div>\n<\/div>\n<\/div>\n<\/div>\n<\/div>\n<\/div>\n<\/div>\n","protected":false},"excerpt":{"rendered":"<p>El 24 y 25 de noviembre regresa Riviera Maya Jazz Festival 2023 a Playa del Carmen con su edici\u00f3n n\u00famero 20 Playa del Carmen\u00a0se viste de gala para recibir nuevamente el\u00a0Riviera Maya Jazz Festival 2023, uno de los eventos gratuitos de m\u00fasica jazz m\u00e1s prestigiosos a nivel mundial en su edici\u00f3n n\u00famero 20, evento que [&hellip;]<\/p>\n","protected":false},"author":1,"featured_media":29173,"comment_status":"open","ping_status":"closed","sticky":false,"template":"","format":"standard","meta":{"footnotes":""},"categories":[4],"tags":[],"class_list":["post-29171","post","type-post","status-publish","format-standard","has-post-thumbnail","hentry","category-local"],"_links":{"self":[{"href":"https:\/\/solidaridadnews.com\/index.php?rest_route=\/wp\/v2\/posts\/29171","targetHints":{"allow":["GET"]}}],"collection":[{"href":"https:\/\/solidaridadnews.com\/index.php?rest_route=\/wp\/v2\/posts"}],"about":[{"href":"https:\/\/solidaridadnews.com\/index.php?rest_route=\/wp\/v2\/types\/post"}],"author":[{"embeddable":true,"href":"https:\/\/solidaridadnews.com\/index.php?rest_route=\/wp\/v2\/users\/1"}],"replies":[{"embeddable":true,"href":"https:\/\/solidaridadnews.com\/index.php?rest_route=%2Fwp%2Fv2%2Fcomments&post=29171"}],"version-history":[{"count":1,"href":"https:\/\/solidaridadnews.com\/index.php?rest_route=\/wp\/v2\/posts\/29171\/revisions"}],"predecessor-version":[{"id":29172,"href":"https:\/\/solidaridadnews.com\/index.php?rest_route=\/wp\/v2\/posts\/29171\/revisions\/29172"}],"wp:featuredmedia":[{"embeddable":true,"href":"https:\/\/solidaridadnews.com\/index.php?rest_route=\/wp\/v2\/media\/29173"}],"wp:attachment":[{"href":"https:\/\/solidaridadnews.com\/index.php?rest_route=%2Fwp%2Fv2%2Fmedia&parent=29171"}],"wp:term":[{"taxonomy":"category","embeddable":true,"href":"https:\/\/solidaridadnews.com\/index.php?rest_route=%2Fwp%2Fv2%2Fcategories&post=29171"},{"taxonomy":"post_tag","embeddable":true,"href":"https:\/\/solidaridadnews.com\/index.php?rest_route=%2Fwp%2Fv2%2Ftags&post=29171"}],"curies":[{"name":"wp","href":"https:\/\/api.w.org\/{rel}","templated":true}]}}