{"id":29120,"date":"2023-09-13T20:17:47","date_gmt":"2023-09-14T01:17:47","guid":{"rendered":"https:\/\/solidaridadnews.com\/?p=29120"},"modified":"2023-09-14T01:17:48","modified_gmt":"2023-09-14T01:17:48","slug":"feminicidio-de-yesenia-en-playa-del-carmen-detienen-a-agresor-en-autobus-rumbo-a-tabasco","status":"publish","type":"post","link":"https:\/\/solidaridadnews.com\/?p=29120","title":{"rendered":"Feminicidio de Yesenia en Playa del Carmen: Detienen a agresor en autob\u00fas rumbo a Tabasco"},"content":{"rendered":"<div class=\"row\">\n<div class=\"col-sm-xl-12 layout-section wrap-bottom\">\n<h4 class=\"primary-font__PrimaryFontStyles-o56yd5-0 heuGTu h4-primary sub-headline\" style=\"text-align: center;\">El feminicida de Yesenia fue capturado cuando estaba a bordo de un autob\u00fas de pasajeros que se dirig\u00eda a Villahermosa, Tabasco.<\/h4>\n<div class=\"default__StyledDiv-cj38t1-0 gCPfDm share-bar\">\n<p class=\"default__StyledText-kkhi2r-0 cGAawy body-paragraph\">La Fiscal\u00eda General del Estado de Quintana Roo dio a conocer que logr\u00f3 detener a\u00a0<b>Jos\u00e9 \u201cN\u201d<\/b>, como presunto responsable del delito de feminicidio que cometi\u00f3 en agravio de su pareja\u00a0Yesenia \u201cN\u201d, quien falleci\u00f3 la madrugada del 12 de septiembre en el Hospital General de Playa del Carmen\u00a0a consecuencia de las quemaduras que sufri\u00f3 en el 70 por ciento de su cuerpo.<\/p>\n<p class=\"default__StyledText-kkhi2r-0 cGAawy body-paragraph\">Los elementos de la Polic\u00eda de Investigaci\u00f3n lograron la captura en el municipio de Bacalar, cuando Jos\u00e9 \u201cN\u201d estaba a bordo de un autob\u00fas de pasajeros que se dirig\u00eda a Villahermosa, Tabasco.<\/p>\n<div id=\"arcad-feature-4672\" class=\"default__StyledAdUnit-ijbiyl-0 bWigPu arcad-feature margin-md-bottom \">\n<div id=\"\" class=\"arcad-container\">\n<div id=\"lazy_3\">\n<div id=\"inread_oop\" class=\"arcad ad-1x1\" data-google-query-id=\"CP6goev2qIEDFZufWgUd77oGVA\">\n<div id=\"google_ads_iframe_\/77835600\/ElFinanciero__internas\/inread_oop_0__container__\"><\/div>\n<\/div>\n<\/div>\n<\/div>\n<\/div>\n<p class=\"default__StyledText-kkhi2r-0 cGAawy body-paragraph\">Los hechos por los que se le se\u00f1ala al imputado ocurrieron el 8 de septiembre de este a\u00f1o, cuando luego de discutir con su pareja, sali\u00f3 de la casa en su camioneta y regres\u00f3 con un bid\u00f3n de gasolina, con el cual\u00a0<b>roci\u00f3 a la mujer y le prendi\u00f3 fuego<\/b>, para inmediatamente huir del lugar.<\/p>\n<p class=\"default__StyledText-kkhi2r-0 cGAawy body-paragraph\">Luego de tres d\u00edas de agon\u00eda, la v\u00edctima perdi\u00f3 la vida, en tanto que Jos\u00e9 \u201cN\u201d era buscado al contar con una orden de aprehensi\u00f3n como principal sospechoso del\u00a0feminicidio\u00a0de su pareja.<\/p>\n<p class=\"default__StyledText-kkhi2r-0 cGAawy body-paragraph\">Tras cumplimentarse la orden de aprehensi\u00f3n y llevar a cabo las diligencias necesarias, Jos\u00e9 \u201cN\u201d fue puesto a disposici\u00f3n de la autoridad para enfrentar las acusaciones que se le imputan.<\/p>\n<p class=\"default__StyledText-kkhi2r-0 cGAawy body-paragraph\">As\u00ed tambi\u00e9n, dentro del t\u00e9rmino legal previsto, se determinar\u00e1 su situaci\u00f3n jur\u00eddica conforme a derecho.<\/p>\n<p class=\"default__StyledText-kkhi2r-0 cGAawy body-paragraph\">Los colectivos feministas dieron a conocer que Yesenia, de 38 a\u00f1os, dej\u00f3 en la\u00a0<b>orfandad a tres hijos\u00a0<\/b>y conf\u00edan en que se aplique todo el peso de la ley al responsable.<\/p>\n<h2 class=\"heading__StyledHeading-sc-1yxtfv0-0 dQdSuo\">Yesenia fallece tras haber sido quemada por su pareja<\/h2>\n<p class=\"default__StyledText-kkhi2r-0 cGAawy body-paragraph\">Yesenia no pudo soportar las quemaduras de tercer grado que present\u00f3 en el cuerpo, luego de que su pareja, despu\u00e9s de una discusi\u00f3n el pasado viernes, la\u00a0rociara con gasolina y le prendiera fuego. Falleci\u00f3 el lunes por la noche en el hospital general de este destino.<\/p>\n<article class=\"container-fluid inline-promo border border_solid border_top color_black_1\">\n<div class=\"inline-promo-wrapper inline-promo-image\">\n<p class=\"default__StyledText-kkhi2r-0 cGAawy body-paragraph\">Los hechos se presentaron el viernes 8 de septiembre alrededor de las 23:40 horas sobre la avenida 10, cuando esta pareja discuti\u00f3 dentro de su domicilio. De acuerdo con vecinos, luego de ese altercado, el hombre sali\u00f3 de la casa abordo de una camioneta Cherokee color gris, marca Jeep, y regres\u00f3 con un bid\u00f3n lleno de gasolina, la cual termin\u00f3 rociando sobre su pareja, para despu\u00e9s prenderle fuego con un cerillo.<\/p>\n<p class=\"default__StyledText-kkhi2r-0 cGAawy body-paragraph\">Al concretar este suceso, el\u00a0<b>sujeto escap\u00f3 y abandon\u00f3 el veh\u00edculo en un Oxxo<\/b>\u00a0de Puerto Aventuras, el cual fue hallado por las autoridades el domingo por la tarde.<\/p>\n<p class=\"default__StyledText-kkhi2r-0 cGAawy body-paragraph\">La v\u00edctima contaba con 38 a\u00f1os de edad y estaba internada en el \u00e1rea de terapia intensiva, pero por la gravedad de sus heridas, falleci\u00f3 en las primeras horas de ayer martes, por lo que doctores informaron a la Polic\u00eda Ministerial de la Fiscal\u00eda General del Estado.<\/p>\n<\/div>\n<\/article>\n<\/div>\n<\/div>\n<\/div>\n<div class=\"row\">\n<div class=\"col-sm-md-12 col-lg-xl-8 left-article-section ie-flex-100-percent-sm layout-section\"><\/div>\n<\/div>\n","protected":false},"excerpt":{"rendered":"<p>El feminicida de Yesenia fue capturado cuando estaba a bordo de un autob\u00fas de pasajeros que se dirig\u00eda a Villahermosa, Tabasco. La Fiscal\u00eda General del Estado de Quintana Roo dio a conocer que logr\u00f3 detener a\u00a0Jos\u00e9 \u201cN\u201d, como presunto responsable del delito de feminicidio que cometi\u00f3 en agravio de su pareja\u00a0Yesenia \u201cN\u201d, quien falleci\u00f3 la [&hellip;]<\/p>\n","protected":false},"author":1,"featured_media":29122,"comment_status":"open","ping_status":"closed","sticky":false,"template":"","format":"standard","meta":{"footnotes":""},"categories":[14],"tags":[],"class_list":["post-29120","post","type-post","status-publish","format-standard","has-post-thumbnail","hentry","category-policia"],"_links":{"self":[{"href":"https:\/\/solidaridadnews.com\/index.php?rest_route=\/wp\/v2\/posts\/29120","targetHints":{"allow":["GET"]}}],"collection":[{"href":"https:\/\/solidaridadnews.com\/index.php?rest_route=\/wp\/v2\/posts"}],"about":[{"href":"https:\/\/solidaridadnews.com\/index.php?rest_route=\/wp\/v2\/types\/post"}],"author":[{"embeddable":true,"href":"https:\/\/solidaridadnews.com\/index.php?rest_route=\/wp\/v2\/users\/1"}],"replies":[{"embeddable":true,"href":"https:\/\/solidaridadnews.com\/index.php?rest_route=%2Fwp%2Fv2%2Fcomments&post=29120"}],"version-history":[{"count":1,"href":"https:\/\/solidaridadnews.com\/index.php?rest_route=\/wp\/v2\/posts\/29120\/revisions"}],"predecessor-version":[{"id":29121,"href":"https:\/\/solidaridadnews.com\/index.php?rest_route=\/wp\/v2\/posts\/29120\/revisions\/29121"}],"wp:featuredmedia":[{"embeddable":true,"href":"https:\/\/solidaridadnews.com\/index.php?rest_route=\/wp\/v2\/media\/29122"}],"wp:attachment":[{"href":"https:\/\/solidaridadnews.com\/index.php?rest_route=%2Fwp%2Fv2%2Fmedia&parent=29120"}],"wp:term":[{"taxonomy":"category","embeddable":true,"href":"https:\/\/solidaridadnews.com\/index.php?rest_route=%2Fwp%2Fv2%2Fcategories&post=29120"},{"taxonomy":"post_tag","embeddable":true,"href":"https:\/\/solidaridadnews.com\/index.php?rest_route=%2Fwp%2Fv2%2Ftags&post=29120"}],"curies":[{"name":"wp","href":"https:\/\/api.w.org\/{rel}","templated":true}]}}