{"id":29072,"date":"2023-09-10T13:54:16","date_gmt":"2023-09-10T18:54:16","guid":{"rendered":"https:\/\/solidaridadnews.com\/?p=29072"},"modified":"2023-09-11T18:54:59","modified_gmt":"2023-09-11T18:54:59","slug":"con-exito-concluyo-el-certamen-miss-y-mister-juventud-2023","status":"publish","type":"post","link":"https:\/\/solidaridadnews.com\/?p=29072","title":{"rendered":"Con \u00e9xito concluy\u00f3 el certamen Miss y M\u00edster Juventud 2023"},"content":{"rendered":"<blockquote>\n<div dir=\"ltr\">\u2022 \u00a0 \u00a0Plataforma impulsada por la presidenta Lili Campos para que los j\u00f3venes expresen sus conocimientos, talento y creatividad; culminan las actividades por el Mes de la Juventud en Solidaridad<\/p>\n<p>Playa del Carmen, Solidaridad, 10 de septiembre de 2023.- Karla Luna y Julio Altamirano fueron los ganadores del certamen Miss y M\u00edster Juventud 2023: Confianza y Empoderamiento Juvenil, organizado con el apoyo de la presidenta Lili Campos y con el que culminaron las actividades relacionadas con el Mes de la Juventud.<\/p>\n<p>M\u00e1s de 30 j\u00f3venes participaron en el certamen con el que se fortalece la belleza interior y exterior, as\u00ed como la seguridad en uno mismo. Los otros eventos incluyeron dos Fashion Shows en lugares emblem\u00e1ticos como el Hotel Fiesta Inn y el Centro Comercial Quinta Alegr\u00eda. Estos eventos destacaron la creatividad y la diversidad entre los j\u00f3venes de Playa del Carmen.<\/p>\n<p>El certamen Miss y M\u00edster Juventud 2023 se llev\u00f3 a cabo en el Palacio Municipal Nuevo coordinado por el Instituto de la Juventud, cuyo director Enrique Mart\u00ednez, expres\u00f3 su entusiasmo por este evento: \u00abEl Certamen Miss y M\u00edster Juventud es mucho m\u00e1s que eso; es una oportunidad para que nuestros j\u00f3venes demuestren su empoderamiento y confianza propia. Felicito a todas y a todos los participantes por su autenticidad y esfuerzo\u201d dijo.<\/p>\n<p>Este certamen no solo resalt\u00f3 la belleza f\u00edsica, sino tambi\u00e9n la inteligencia, la personalidad y la pasi\u00f3n de cada participante. Las y los j\u00f3venes demostraron que la confianza en uno mismo es la clave para el \u00e9xito y que cada uno tiene la capacidad de lograr grandes cosas. Este evento es una fuente de inspiraci\u00f3n para la comunidad juvenil de Playa del Carmen, record\u00e1ndoles que son capaces de alcanzar sus sue\u00f1os y objetivos con confianza y empoderamiento.<\/p><\/div>\n<\/blockquote>\n","protected":false},"excerpt":{"rendered":"<p>\u2022 \u00a0 \u00a0Plataforma impulsada por la presidenta Lili Campos para que los j\u00f3venes expresen sus conocimientos, talento y creatividad; culminan las actividades por el Mes de la Juventud en Solidaridad Playa del Carmen, Solidaridad, 10 de septiembre de 2023.- Karla Luna y Julio Altamirano fueron los ganadores del certamen Miss y M\u00edster Juventud 2023: Confianza [&hellip;]<\/p>\n","protected":false},"author":1,"featured_media":29074,"comment_status":"open","ping_status":"closed","sticky":false,"template":"","format":"standard","meta":{"footnotes":""},"categories":[4],"tags":[],"class_list":["post-29072","post","type-post","status-publish","format-standard","has-post-thumbnail","hentry","category-local"],"_links":{"self":[{"href":"https:\/\/solidaridadnews.com\/index.php?rest_route=\/wp\/v2\/posts\/29072","targetHints":{"allow":["GET"]}}],"collection":[{"href":"https:\/\/solidaridadnews.com\/index.php?rest_route=\/wp\/v2\/posts"}],"about":[{"href":"https:\/\/solidaridadnews.com\/index.php?rest_route=\/wp\/v2\/types\/post"}],"author":[{"embeddable":true,"href":"https:\/\/solidaridadnews.com\/index.php?rest_route=\/wp\/v2\/users\/1"}],"replies":[{"embeddable":true,"href":"https:\/\/solidaridadnews.com\/index.php?rest_route=%2Fwp%2Fv2%2Fcomments&post=29072"}],"version-history":[{"count":1,"href":"https:\/\/solidaridadnews.com\/index.php?rest_route=\/wp\/v2\/posts\/29072\/revisions"}],"predecessor-version":[{"id":29073,"href":"https:\/\/solidaridadnews.com\/index.php?rest_route=\/wp\/v2\/posts\/29072\/revisions\/29073"}],"wp:featuredmedia":[{"embeddable":true,"href":"https:\/\/solidaridadnews.com\/index.php?rest_route=\/wp\/v2\/media\/29074"}],"wp:attachment":[{"href":"https:\/\/solidaridadnews.com\/index.php?rest_route=%2Fwp%2Fv2%2Fmedia&parent=29072"}],"wp:term":[{"taxonomy":"category","embeddable":true,"href":"https:\/\/solidaridadnews.com\/index.php?rest_route=%2Fwp%2Fv2%2Fcategories&post=29072"},{"taxonomy":"post_tag","embeddable":true,"href":"https:\/\/solidaridadnews.com\/index.php?rest_route=%2Fwp%2Fv2%2Ftags&post=29072"}],"curies":[{"name":"wp","href":"https:\/\/api.w.org\/{rel}","templated":true}]}}