{"id":29066,"date":"2023-09-11T13:18:52","date_gmt":"2023-09-11T18:18:52","guid":{"rendered":"https:\/\/solidaridadnews.com\/?p=29066"},"modified":"2023-09-11T18:18:53","modified_gmt":"2023-09-11T18:18:53","slug":"lista-la-convocatoria-para-el-premio-estatal-del-deporte","status":"publish","type":"post","link":"https:\/\/solidaridadnews.com\/?p=29066","title":{"rendered":"Lista la convocatoria para el Premio Estatal del Deporte"},"content":{"rendered":"<p style=\"font-weight: 400;\">El director general del Instituto del Deporte de Morelos (Indem), Germ\u00e1n Villa Casta\u00f1eda, inform\u00f3 que ya se encuentra publicada a trav\u00e9s de la p\u00e1gina web de dicha dependencia<b><strong>\u00a0http:\/\/indem.gob.mx\/convocatorias<\/strong><\/b>\u00a0la convocatoria oficial para ser aspirante al m\u00e1ximo galard\u00f3n deportivo en la entidad, siendo el Premio Estatal del Deporte Morelos 2023.<\/p>\n<p style=\"font-weight: 400;\">Detall\u00f3 que existe una bolsa de 110 mil pesos que se puede repartir hasta entre cinco galardonados en tres diferentes rubros: Deportista, Entrenador\/a, as\u00ed como Fomento, Protecci\u00f3n o Impulso a la Pr\u00e1ctica de los Deportes.<\/p>\n<p style=\"font-weight: 400;\">Para poder ser candidato o candidata se debe leer detalladamente la convocatoria y cumplir con todos los requisitos, as\u00ed como llenar una hoja de registro donde se tendr\u00e1 que plasmar cada logro a partir del 11 de octubre del 2022 al 15 de octubre del 2023. La fecha l\u00edmite para entregar los documentos<b><strong>\u00a0es el mismo 15 de octubre a las 15:30 horas en las oficinas del Indem, ubicadas en la unidad deportiva Centenario de Cuernavaca.<\/strong><\/b><\/p>\n<p style=\"font-weight: 400;\">Los deportistas que han representado en cualquier nivel al estado de Morelos en competencias federadas, podr\u00e1n inscribirse para que el jurado calificador pueda evaluar los resultados, es decir, que se considere en nivel de la justa y los resultados obtenidos, sin embargo, todo resultado que obtienen los deportistas de digno de reconocerse gracias al esfuerzo y dedicaci\u00f3n que ponen en cada una de sus competencias.<\/p>\n<p style=\"font-weight: 400;\"><b><strong>Cabe resaltar que en la pasada edici\u00f3n las y los ganadores fueron:\u00a0<\/strong><\/b>Amelia Isabel Espinosa Beltr\u00e1n (taekwondo), Frida Sof\u00eda Salgado Ortiz (para-atletismo y para-taekwondo) y David Jezreel Betancourt Olvera (kickboxing), en modalidad deportista; as\u00ed como Joel Agust\u00edn Rodr\u00edguez Flores (nataci\u00f3n) y Wendy Lizette Garc\u00eda Pati\u00f1o (lucha ol\u00edmpica), en el sector de entrenador\/a.<\/p>\n","protected":false},"excerpt":{"rendered":"<p>El director general del Instituto del Deporte de Morelos (Indem), Germ\u00e1n Villa Casta\u00f1eda, inform\u00f3 que ya se encuentra publicada a trav\u00e9s de la p\u00e1gina web de dicha dependencia\u00a0http:\/\/indem.gob.mx\/convocatorias\u00a0la convocatoria oficial para ser aspirante al m\u00e1ximo galard\u00f3n deportivo en la entidad, siendo el Premio Estatal del Deporte Morelos 2023. Detall\u00f3 que existe una bolsa de 110 [&hellip;]<\/p>\n","protected":false},"author":1,"featured_media":29068,"comment_status":"open","ping_status":"closed","sticky":false,"template":"","format":"standard","meta":{"footnotes":""},"categories":[4],"tags":[],"class_list":["post-29066","post","type-post","status-publish","format-standard","has-post-thumbnail","hentry","category-local"],"_links":{"self":[{"href":"https:\/\/solidaridadnews.com\/index.php?rest_route=\/wp\/v2\/posts\/29066","targetHints":{"allow":["GET"]}}],"collection":[{"href":"https:\/\/solidaridadnews.com\/index.php?rest_route=\/wp\/v2\/posts"}],"about":[{"href":"https:\/\/solidaridadnews.com\/index.php?rest_route=\/wp\/v2\/types\/post"}],"author":[{"embeddable":true,"href":"https:\/\/solidaridadnews.com\/index.php?rest_route=\/wp\/v2\/users\/1"}],"replies":[{"embeddable":true,"href":"https:\/\/solidaridadnews.com\/index.php?rest_route=%2Fwp%2Fv2%2Fcomments&post=29066"}],"version-history":[{"count":1,"href":"https:\/\/solidaridadnews.com\/index.php?rest_route=\/wp\/v2\/posts\/29066\/revisions"}],"predecessor-version":[{"id":29067,"href":"https:\/\/solidaridadnews.com\/index.php?rest_route=\/wp\/v2\/posts\/29066\/revisions\/29067"}],"wp:featuredmedia":[{"embeddable":true,"href":"https:\/\/solidaridadnews.com\/index.php?rest_route=\/wp\/v2\/media\/29068"}],"wp:attachment":[{"href":"https:\/\/solidaridadnews.com\/index.php?rest_route=%2Fwp%2Fv2%2Fmedia&parent=29066"}],"wp:term":[{"taxonomy":"category","embeddable":true,"href":"https:\/\/solidaridadnews.com\/index.php?rest_route=%2Fwp%2Fv2%2Fcategories&post=29066"},{"taxonomy":"post_tag","embeddable":true,"href":"https:\/\/solidaridadnews.com\/index.php?rest_route=%2Fwp%2Fv2%2Ftags&post=29066"}],"curies":[{"name":"wp","href":"https:\/\/api.w.org\/{rel}","templated":true}]}}