{"id":29063,"date":"2023-09-11T13:17:35","date_gmt":"2023-09-11T18:17:35","guid":{"rendered":"https:\/\/solidaridadnews.com\/?p=29063"},"modified":"2023-09-11T18:17:36","modified_gmt":"2023-09-11T18:17:36","slug":"logra-canamy-empate-como-visitante","status":"publish","type":"post","link":"https:\/\/solidaridadnews.com\/?p=29063","title":{"rendered":"Logra Canamy empate como visitante"},"content":{"rendered":"<p style=\"font-weight: 400;\">El Inter Playa del Carmen no pudo hacer valer su condici\u00f3n de local y empat\u00f3 1-1 frente a Sporting Canamy, en la unidad deportiva \u201c<b><strong>Mario Villanueva Madrid\u201d<\/strong><\/b>, en la jornada cinco de la Liga Premier.<\/p>\n<p style=\"font-weight: 400;\">El equipo dirigido por Carlos Bracamontes se puso al frente en el marcador al minuto 32\u2019 luego de que Alberto L\u00f3pez mand\u00f3 un centro por la banda izquierda y en el coraz\u00f3n del \u00e1rea Andr\u00e9s P\u00e9rez remat\u00f3 con la pierna derecha para el 1-0.<\/p>\n<p style=\"font-weight: 400;\">Ya en la segunda parte, el equipo del coraz\u00f3n de la Riviera Maya sigui\u00f3 dominando las acciones y al 65\u2019 Sergio Meza estuvo cerca de incrementar la ventaja con un remate de cabeza, pero H\u00e9ctor Daniel L\u00f3pez estuvo atento y mand\u00f3 el bal\u00f3n a tiro de esquina.<\/p>\n<p style=\"font-weight: 400;\">Sportin Canamy empezaba a emparejar las acciones y al 70\u2019 encontr\u00f3 un justo premio cuando el capit\u00e1n Hugo Rodr\u00edguez, en el coraz\u00f3n del \u00e1rea, impact\u00f3 \u2018de tres dedos\u2019 el bal\u00f3n con la pierna izquierda para el 1-1.<\/p>\n<p style=\"font-weight: 400;\">La escuadra de Oaxtepec, bajo el mando de Francisco Tena gener\u00f3 dos jugadas de peligro m\u00e1s al 81\u2019 y 82\u2019, sin embargo, en las dos ocasiones Sergio Silva evit\u00f3 de gran manera la ca\u00edda de su marco.<\/p>\n<p style=\"font-weight: 400;\"><b><strong>En la recta final del partido<\/strong><\/b>, ingresaron al terreno de juego los canteranos F\u00e9lix Falc\u00f3n, Lucio Carmona y Eduardo Mack en la b\u00fasqueda del gol del triunfo del equipo representativo del municipio de Solidaridad, pero el marcador ya no se movi\u00f3.<\/p>\n<p style=\"font-weight: 400;\">Con este resultado, el Inter Playa del Carmen lleg\u00f3 a 11 unidades para mantenerse de manera moment\u00e1nea en el liderato del Grupo 2 y en la jornada seis visitar\u00e1 a Deportiva Venados, mientras que Sporting Canamy lleg\u00f3 a cinco puntos y recibir\u00e1 a Reboceros de La Piedad.<\/p>\n","protected":false},"excerpt":{"rendered":"<p>El Inter Playa del Carmen no pudo hacer valer su condici\u00f3n de local y empat\u00f3 1-1 frente a Sporting Canamy, en la unidad deportiva \u201cMario Villanueva Madrid\u201d, en la jornada cinco de la Liga Premier. El equipo dirigido por Carlos Bracamontes se puso al frente en el marcador al minuto 32\u2019 luego de que Alberto [&hellip;]<\/p>\n","protected":false},"author":1,"featured_media":29065,"comment_status":"open","ping_status":"closed","sticky":false,"template":"","format":"standard","meta":{"footnotes":""},"categories":[4],"tags":[],"class_list":["post-29063","post","type-post","status-publish","format-standard","has-post-thumbnail","hentry","category-local"],"_links":{"self":[{"href":"https:\/\/solidaridadnews.com\/index.php?rest_route=\/wp\/v2\/posts\/29063","targetHints":{"allow":["GET"]}}],"collection":[{"href":"https:\/\/solidaridadnews.com\/index.php?rest_route=\/wp\/v2\/posts"}],"about":[{"href":"https:\/\/solidaridadnews.com\/index.php?rest_route=\/wp\/v2\/types\/post"}],"author":[{"embeddable":true,"href":"https:\/\/solidaridadnews.com\/index.php?rest_route=\/wp\/v2\/users\/1"}],"replies":[{"embeddable":true,"href":"https:\/\/solidaridadnews.com\/index.php?rest_route=%2Fwp%2Fv2%2Fcomments&post=29063"}],"version-history":[{"count":1,"href":"https:\/\/solidaridadnews.com\/index.php?rest_route=\/wp\/v2\/posts\/29063\/revisions"}],"predecessor-version":[{"id":29064,"href":"https:\/\/solidaridadnews.com\/index.php?rest_route=\/wp\/v2\/posts\/29063\/revisions\/29064"}],"wp:featuredmedia":[{"embeddable":true,"href":"https:\/\/solidaridadnews.com\/index.php?rest_route=\/wp\/v2\/media\/29065"}],"wp:attachment":[{"href":"https:\/\/solidaridadnews.com\/index.php?rest_route=%2Fwp%2Fv2%2Fmedia&parent=29063"}],"wp:term":[{"taxonomy":"category","embeddable":true,"href":"https:\/\/solidaridadnews.com\/index.php?rest_route=%2Fwp%2Fv2%2Fcategories&post=29063"},{"taxonomy":"post_tag","embeddable":true,"href":"https:\/\/solidaridadnews.com\/index.php?rest_route=%2Fwp%2Fv2%2Ftags&post=29063"}],"curies":[{"name":"wp","href":"https:\/\/api.w.org\/{rel}","templated":true}]}}