{"id":29010,"date":"2023-09-08T14:01:57","date_gmt":"2023-09-08T19:01:57","guid":{"rendered":"https:\/\/solidaridadnews.com\/?p=29010"},"modified":"2023-09-08T19:01:58","modified_gmt":"2023-09-08T19:01:58","slug":"inicia-la-5a-copa-internacional-de-futsal-riviera-maya-2023","status":"publish","type":"post","link":"https:\/\/solidaridadnews.com\/?p=29010","title":{"rendered":"Inicia la 5a Copa internacional de Futsal Riviera Maya 2023"},"content":{"rendered":"<p>*Con la participaci\u00f3n de equipos de M\u00e9xico, Costa Rica, El Salvador, Guatemala y Panam\u00e1, iniciaron las acciones en el gimnasio Poliforum.<\/p>\n<p>Una vez m\u00e1s el Municipio de Solidaridad recibe a deportistas de diversos pa\u00edses y estados del pa\u00eds, as\u00ed como locales, que participar\u00e1n en la 5a Copa internacional de Futsal Riviera Maya, que se realizar\u00e1 del 7 al 10 de septiembre en el gimnasio Poliforum de la unidad deportiva Playa del Carmen y en el que 12 equipos buscar\u00e1n quedarse con el titulo de campe\u00f3n que buscara defender la escuadra de Capitalinos Futsal.<\/p>\n<div>\n<div class=\"penci-custom-html-inside-content\"><\/div>\n<\/div>\n<p>La ceremonia de inauguraci\u00f3n estuvo encabezada por el Lic. Cecilio Puc Sansores, secretario general del H. Ayuntamiento de Solidaridad quien realiz\u00f3 la declaratoria inaugural en representaci\u00f3n de la edil Lili Campos y dese\u00f3 \u00e9xito a los participantes, reafirmando el compromiso de la presidenta municipal con el deporte, quien ha procurado mantener a Solidaridad como uno de los destinos importantes del turismo deportivo, por lo que ha apoyado a quienes organizan eventos de esta \u00edndole y que trabajan de manera ordenada y profesional en cuanto a la organizaci\u00f3n de cada evento.<\/p>\n<p>El Lic. Amador Guti\u00e9rrez Guigui, director general del Instituto del Deporte Municipal dio la bienvenida a los equipos participantes, deseando que su estancia sea placentera y disfruten del torneo y de las bellezas de Solidaridad, estuvo acompa\u00f1ado por el profesor Carlos Bracamontes, director t\u00e9cnico del Inter Playa del Carmen, Andres P\u00e9rez ex seleccionado nacional juvenil, el LEF Javier Alvarado, subdirector del IDM, el Lic. Williams V\u00e1zquez, del comit\u00e9 organizador de la Copa, el representante del cuerpo arbitral e invitados especiales.<\/p>\n<p>Los equipos que participan son: San Jose Football de Panama, San Jacinto de El Salvador, Tablazo de Costa Rica, San Jos\u00e9 de Guatemala y por Mexico: Capitalinos Futsal, Mexico Futsal, Dukes TKT, Nexos Bordadora de Ensenada, Trit\u00f3n, Futsal Cuitlahuac, en tanto que Playa del Carmen tiene dos representantes, Int\u00e9gralo y Colosio.<\/p>\n<div class=\"google-auto-placed ap_container\">\n<p>Los primeros dos d\u00edas se jugar\u00e1 la fase grupos, el s\u00e1bado se jugaran los cuartos de final y la semifinal, siendo el domingo cuando se juegue la gran final, todos los partidos se jugar\u00e1n en el gimnasio Poliforum de la unidad deportiva Playa del Carmen, la entrada es gratuita y para la afici\u00f3n al futsal ser\u00e1 una gran fiesta que no se perder\u00e1n.<\/p>\n<div class=\"g g-3\"><\/div>\n<\/div>\n","protected":false},"excerpt":{"rendered":"<p>*Con la participaci\u00f3n de equipos de M\u00e9xico, Costa Rica, El Salvador, Guatemala y Panam\u00e1, iniciaron las acciones en el gimnasio Poliforum. Una vez m\u00e1s el Municipio de Solidaridad recibe a deportistas de diversos pa\u00edses y estados del pa\u00eds, as\u00ed como locales, que participar\u00e1n en la 5a Copa internacional de Futsal Riviera Maya, que se realizar\u00e1 [&hellip;]<\/p>\n","protected":false},"author":1,"featured_media":29012,"comment_status":"open","ping_status":"closed","sticky":false,"template":"","format":"standard","meta":{"footnotes":""},"categories":[4],"tags":[],"class_list":["post-29010","post","type-post","status-publish","format-standard","has-post-thumbnail","hentry","category-local"],"_links":{"self":[{"href":"https:\/\/solidaridadnews.com\/index.php?rest_route=\/wp\/v2\/posts\/29010","targetHints":{"allow":["GET"]}}],"collection":[{"href":"https:\/\/solidaridadnews.com\/index.php?rest_route=\/wp\/v2\/posts"}],"about":[{"href":"https:\/\/solidaridadnews.com\/index.php?rest_route=\/wp\/v2\/types\/post"}],"author":[{"embeddable":true,"href":"https:\/\/solidaridadnews.com\/index.php?rest_route=\/wp\/v2\/users\/1"}],"replies":[{"embeddable":true,"href":"https:\/\/solidaridadnews.com\/index.php?rest_route=%2Fwp%2Fv2%2Fcomments&post=29010"}],"version-history":[{"count":1,"href":"https:\/\/solidaridadnews.com\/index.php?rest_route=\/wp\/v2\/posts\/29010\/revisions"}],"predecessor-version":[{"id":29011,"href":"https:\/\/solidaridadnews.com\/index.php?rest_route=\/wp\/v2\/posts\/29010\/revisions\/29011"}],"wp:featuredmedia":[{"embeddable":true,"href":"https:\/\/solidaridadnews.com\/index.php?rest_route=\/wp\/v2\/media\/29012"}],"wp:attachment":[{"href":"https:\/\/solidaridadnews.com\/index.php?rest_route=%2Fwp%2Fv2%2Fmedia&parent=29010"}],"wp:term":[{"taxonomy":"category","embeddable":true,"href":"https:\/\/solidaridadnews.com\/index.php?rest_route=%2Fwp%2Fv2%2Fcategories&post=29010"},{"taxonomy":"post_tag","embeddable":true,"href":"https:\/\/solidaridadnews.com\/index.php?rest_route=%2Fwp%2Fv2%2Ftags&post=29010"}],"curies":[{"name":"wp","href":"https:\/\/api.w.org\/{rel}","templated":true}]}}