{"id":28954,"date":"2023-09-06T07:54:39","date_gmt":"2023-09-06T12:54:39","guid":{"rendered":"https:\/\/solidaridadnews.com\/?p=28954"},"modified":"2023-09-06T12:54:40","modified_gmt":"2023-09-06T12:54:40","slug":"buscan-evitar-cobros-en-estacionamientos-de-plazas-en-playa-del-carmen","status":"publish","type":"post","link":"https:\/\/solidaridadnews.com\/?p=28954","title":{"rendered":"Buscan evitar cobros en estacionamientos de plazas en Playa del Carmen"},"content":{"rendered":"<div>\n<div class=\"row m-b-15\">\n<div class=\"col-xs-12 col-sm-12 col-md-12 col-lg-12\">\n<h4 class=\"introduction\" style=\"text-align: center;\">Autoridades indicaron que en Playa del Carmen no existe de manera formal ning\u00fan cobro en estacionamientos.<\/h4>\n<\/div>\n<\/div>\n<\/div>\n<div class=\"row m-b-25\">\n<div class=\"col-xs-12 col-sm-12 col-md-12 col-lg-12 info-extra-new\">\n<p>Luego de clausuras de aparatos para el control a estacionamientos de plazas comerciales de Playa del Carmen, algunos miembros del ayuntamiento buscar\u00e1n\u00a0<strong>regularizar la situaci\u00f3n para evitar cobros<\/strong>.<\/p>\n<p>Marciano Toledo S\u00e1nchez, regidor del ayuntamiento de Solidaridad, mencion\u00f3 que buscar\u00e1n reglamentar el uso de estacionamientos en plazas comerciales para evitar que se cobre a la ciudadan\u00eda que acuda a esos sitios, tal como ocurri\u00f3 con un centro comercial hace algunos d\u00edas.<\/p>\n<blockquote><p>\u00abSi est\u00e1s media hora o 15 minutos o s\u00f3lo unos minutos te cobra 25 pesos (&#8230;) Lo voy a discutir en Cabildo, lo voy a poner sobre la mesa, nada m\u00e1s quer\u00eda las evidencias necesarias para eso\u00bb, sostuvo.<\/p><\/blockquote>\n<div id=\"div-gpt-ad-inread-64f7ec9951bb7e0014f9902b\" data-name=\"inread\" data-size=\"[[336,250], [300,250]]\" data-google-query-id=\"CMyIrtKDloEDFeCBgwgdYMUC2A\">\n<div id=\"google_ads_iframe_\/4334274\/inread_0__container__\"><\/div>\n<\/div>\n<p>Hasta el momento, en Playa del Carmen\u00a0<strong>no existe de manera formal<\/strong>\u00a0ning\u00fan cobro en estacionamientos de plazas comerciales; sin embargo, en los \u00faltimos d\u00edas se aplic\u00f3 una clausura en una\u00a0<strong>plaza de Walmart<\/strong>\u00a0del centro de la ciudad.<\/p>\n<p>Ah\u00ed el particular coloc\u00f3 plumas de acceso con controles de pago. La Secretar\u00eda de Ordenamiento Territorial y Sustentabilidad\u00a0<strong>aplic\u00f3 una clausura<\/strong>\u00a0debido a diversas irregularidades que encontr\u00f3.<\/p>\n<div class=\"media-caption\">\n<p>No obstante, en el centro de Playa del Carmen existe el cobro de parqu\u00edmetros por\u00a0<strong>utilizar cajones de estacionamientos en la v\u00eda p\u00fablica<\/strong>\u00a0y son m\u00faltiples los estacionamientos privados que se encuentran en la zona.<\/p>\n<p>Ante esta situaci\u00f3n, ciudadanos que acuden al centro, utilizan los estacionamientos de las\u00a0<strong>plazas comerciales<\/strong>, los cuales no cobran por hacer uso del espacio.<\/p>\n<div class=\"google-auto-placed ap_container\">\n<blockquote><p>\u201cVamos a ver que esto no siga ocurriendo, vamos a poner un alto. Que no se permita que ning\u00fan supermercado cobre estacionamiento (&#8230;) ya pas\u00f3 en Canc\u00fan, la gente lo permiti\u00f3, cuando hay una obligaci\u00f3n de las plazas por ofrecer este servicio a sus clientes \u00bb mencion\u00f3 el edil.<\/p><\/blockquote>\n<p>Hizo un llamado a otras autoridades a\u00a0<strong>vigilar la situaci\u00f3n comercial<\/strong>, como la Procuradur\u00eda Federal del Consumidor (Profeco), el cual no tiene a\u00fan sede en la ciudad para la vigilancia de los actos de comercio.<\/p>\n<\/div>\n<\/div>\n<\/div>\n<\/div>\n","protected":false},"excerpt":{"rendered":"<p>Autoridades indicaron que en Playa del Carmen no existe de manera formal ning\u00fan cobro en estacionamientos. Luego de clausuras de aparatos para el control a estacionamientos de plazas comerciales de Playa del Carmen, algunos miembros del ayuntamiento buscar\u00e1n\u00a0regularizar la situaci\u00f3n para evitar cobros. Marciano Toledo S\u00e1nchez, regidor del ayuntamiento de Solidaridad, mencion\u00f3 que buscar\u00e1n reglamentar [&hellip;]<\/p>\n","protected":false},"author":1,"featured_media":28956,"comment_status":"open","ping_status":"closed","sticky":false,"template":"","format":"standard","meta":{"footnotes":""},"categories":[4],"tags":[],"class_list":["post-28954","post","type-post","status-publish","format-standard","has-post-thumbnail","hentry","category-local"],"_links":{"self":[{"href":"https:\/\/solidaridadnews.com\/index.php?rest_route=\/wp\/v2\/posts\/28954","targetHints":{"allow":["GET"]}}],"collection":[{"href":"https:\/\/solidaridadnews.com\/index.php?rest_route=\/wp\/v2\/posts"}],"about":[{"href":"https:\/\/solidaridadnews.com\/index.php?rest_route=\/wp\/v2\/types\/post"}],"author":[{"embeddable":true,"href":"https:\/\/solidaridadnews.com\/index.php?rest_route=\/wp\/v2\/users\/1"}],"replies":[{"embeddable":true,"href":"https:\/\/solidaridadnews.com\/index.php?rest_route=%2Fwp%2Fv2%2Fcomments&post=28954"}],"version-history":[{"count":1,"href":"https:\/\/solidaridadnews.com\/index.php?rest_route=\/wp\/v2\/posts\/28954\/revisions"}],"predecessor-version":[{"id":28955,"href":"https:\/\/solidaridadnews.com\/index.php?rest_route=\/wp\/v2\/posts\/28954\/revisions\/28955"}],"wp:featuredmedia":[{"embeddable":true,"href":"https:\/\/solidaridadnews.com\/index.php?rest_route=\/wp\/v2\/media\/28956"}],"wp:attachment":[{"href":"https:\/\/solidaridadnews.com\/index.php?rest_route=%2Fwp%2Fv2%2Fmedia&parent=28954"}],"wp:term":[{"taxonomy":"category","embeddable":true,"href":"https:\/\/solidaridadnews.com\/index.php?rest_route=%2Fwp%2Fv2%2Fcategories&post=28954"},{"taxonomy":"post_tag","embeddable":true,"href":"https:\/\/solidaridadnews.com\/index.php?rest_route=%2Fwp%2Fv2%2Ftags&post=28954"}],"curies":[{"name":"wp","href":"https:\/\/api.w.org\/{rel}","templated":true}]}}