{"id":28895,"date":"2023-08-19T19:00:41","date_gmt":"2023-08-20T00:00:41","guid":{"rendered":"https:\/\/solidaridadnews.com\/?p=28895"},"modified":"2023-09-06T00:44:06","modified_gmt":"2023-09-06T00:44:06","slug":"presentan-cambios-en-la-cupula-administrativa-del-congreso-de-quintana-roo","status":"publish","type":"post","link":"https:\/\/solidaridadnews.com\/?p=28895","title":{"rendered":"Presentan cambios en la c\u00fapula administrativa del Congreso de Quintana Roo"},"content":{"rendered":"<div>\n<div class=\"row m-b-15\">\n<div class=\"col-xs-12 col-sm-12 col-md-12 col-lg-12\">\n<h4 class=\"introduction\" style=\"text-align: center;\">El partido del Movimiento de Regeneraci\u00f3n Nacional presidir\u00e1 el \u00faltimo a\u00f1o legislativo; asigna nuevos nombramientos.<\/h4>\n<\/div>\n<\/div>\n<\/div>\n<div class=\"row m-b-25\">\n<div class=\"col-xs-12 col-sm-12 col-md-12 col-lg-12 info-extra-new\">\n<p>La Junta de Gobierno y Coordinaci\u00f3n Pol\u00edtica del\u00a0<strong>Congreso de Quintana Roo<\/strong>\u00a0realiz\u00f3 cambios en distintos cargos administrativos, empezando por la designaci\u00f3n de\u00a0<strong>Euterpe Guti\u00e9rrez Valasis<\/strong>, como Secretaria General en sustituci\u00f3n de Benjam\u00edn Vaca Gonz\u00e1lez.<\/p>\n<p><strong>Humbero Aldana Navarro<\/strong>, coordinador del grupo legislativo de Morena, asumi\u00f3 la presidencia el pasado domingo 3 de septiembre y hoy arranca el primer periodo ordinario de sesiones.<\/p>\n<p>El presidente de la\u00a0<strong>Jugocopo<\/strong>\u00a0destac\u00f3 qu\u00e9 se privilegia la participaci\u00f3n de las mujeres.<\/p>\n<div id=\"div-gpt-ad-inread-64f7501e51bb7e0014f98fb3\" data-name=\"inread\" data-size=\"[[336,250], [300,250]]\" data-google-query-id=\"CNPOtK3glIEDFZWVgwgdPuUBug\">\n<div id=\"google_ads_iframe_\/4334274\/inread_0__container__\"><\/div>\n<\/div>\n<p>Estos son los nuevos nombramientos, como parte del cambio de mando en el \u00faltimo a\u00f1o de la Legislatura, que en este caso le corresponde a Morena.<\/p>\n<p>&#8211;\u00a0<strong>Euterpe\u00a0<\/strong>Guti\u00e9rrez Valasis, secretaria general del Poder Legislativo.<br \/>\n&#8211; C.P.\u00a0<strong>Sergio Gonz\u00e1lez<\/strong>\u00a0Vel\u00e1zquez.- Subsecretaria de Servicios Administrativos.<br \/>\n&#8211; Mtra.\u00a0<strong>Diana Elizabeth<\/strong>\u00a0Dom\u00ednguez Regules.- Subsecretaria de Servicios Legislativos.<br \/>\n&#8211; Lic.\u00a0<strong>Arlette Jacqueline<\/strong>\u00a0Brice\u00f1o Pe\u00f1a.- Directora de Finanzas.<br \/>\n&#8211; Lic.\u00a0<strong>Brenda Liz<\/strong>\u00a0San Rom\u00e1n Ovando.- Direcci\u00f3n de An\u00e1lisis Jur\u00eddico Legislativo.<br \/>\n&#8211; Mtra.\u00a0<strong>Denisse Alacena<\/strong>\u00a0Ortiz.- Direcci\u00f3n de Control del Proceso Legislativo.<br \/>\n&#8211; Lic. Marco Antonio\u00a0<strong>Otero Ram\u00edrez<\/strong>.- Direcci\u00f3n Jur\u00eddica.<br \/>\n&#8211; Mtro.\u00a0<strong>Said Villanueva<\/strong>\u00a0Aluche.- Instituto de Investigaciones Legislativas.<br \/>\n&#8211; Br.\u00a0<strong>Mar\u00eda de los Remedios<\/strong>\u00a0Pantoja C\u00f3rdova.- Direcci\u00f3n de Atenci\u00f3n Ciudadana.<br \/>\n&#8211; Lic.\u00a0<strong>Xiomarra Edith<\/strong>\u00a0Navarro Favela.- Direcci\u00f3n de Archivo General y Biblioteca<br \/>\n&#8211; Lic.\u00a0<strong>Micaela\u00a0<\/strong>Osorio Mondrag\u00f3n.- Unidad de Transparencia, Acceso a la Informaci\u00f3n P\u00fablica y Protecci\u00f3n de Datos Personales<br \/>\n&#8211; Lic.\u00a0<strong>Irma Dorantes<\/strong>.- Unidad de An\u00e1lisis Financiero<br \/>\n&#8211; Ing. Gilbert Fernando\u00a0<strong>Canto Canche<\/strong>.- Direcci\u00f3n de Tecnolog\u00edas de la informaci\u00f3n.<br \/>\n&#8211; Lic.\u00a0<strong>Gustavo Cach<\/strong>\u00a0Pech.- Direcci\u00f3n General Administrativa.<br \/>\n&#8211; Lic.\u00a0<strong>Luc\u00eda Violeta\u00a0<\/strong>S\u00e1nchez M\u00e9ndez.- Direcci\u00f3n de Modernizaci\u00f3n y Desarrollo\u00a0 Administrativo.<br \/>\n-Danitza Agarena\u00a0<strong>Polanco Anduze<\/strong>.- Direcci\u00f3n de Relaciones P\u00fablicas.<br \/>\n-Mtro. Alejandro\u00a0<strong>Baeza Ruiz<\/strong>.- Unidad de Bienestar Laboral y Desarrollo Humano.<br \/>\n&#8211;<strong>Elizabeth Moreno<\/strong>. &#8211; Unidad de Igualdad de G\u00e9nero.<\/p>\n<\/div>\n<\/div>\n","protected":false},"excerpt":{"rendered":"<p>El partido del Movimiento de Regeneraci\u00f3n Nacional presidir\u00e1 el \u00faltimo a\u00f1o legislativo; asigna nuevos nombramientos. La Junta de Gobierno y Coordinaci\u00f3n Pol\u00edtica del\u00a0Congreso de Quintana Roo\u00a0realiz\u00f3 cambios en distintos cargos administrativos, empezando por la designaci\u00f3n de\u00a0Euterpe Guti\u00e9rrez Valasis, como Secretaria General en sustituci\u00f3n de Benjam\u00edn Vaca Gonz\u00e1lez. Humbero Aldana Navarro, coordinador del grupo legislativo de [&hellip;]<\/p>\n","protected":false},"author":1,"featured_media":28897,"comment_status":"open","ping_status":"closed","sticky":false,"template":"","format":"standard","meta":{"footnotes":""},"categories":[10],"tags":[],"class_list":["post-28895","post","type-post","status-publish","format-standard","has-post-thumbnail","hentry","category-politica"],"_links":{"self":[{"href":"https:\/\/solidaridadnews.com\/index.php?rest_route=\/wp\/v2\/posts\/28895","targetHints":{"allow":["GET"]}}],"collection":[{"href":"https:\/\/solidaridadnews.com\/index.php?rest_route=\/wp\/v2\/posts"}],"about":[{"href":"https:\/\/solidaridadnews.com\/index.php?rest_route=\/wp\/v2\/types\/post"}],"author":[{"embeddable":true,"href":"https:\/\/solidaridadnews.com\/index.php?rest_route=\/wp\/v2\/users\/1"}],"replies":[{"embeddable":true,"href":"https:\/\/solidaridadnews.com\/index.php?rest_route=%2Fwp%2Fv2%2Fcomments&post=28895"}],"version-history":[{"count":1,"href":"https:\/\/solidaridadnews.com\/index.php?rest_route=\/wp\/v2\/posts\/28895\/revisions"}],"predecessor-version":[{"id":28896,"href":"https:\/\/solidaridadnews.com\/index.php?rest_route=\/wp\/v2\/posts\/28895\/revisions\/28896"}],"wp:featuredmedia":[{"embeddable":true,"href":"https:\/\/solidaridadnews.com\/index.php?rest_route=\/wp\/v2\/media\/28897"}],"wp:attachment":[{"href":"https:\/\/solidaridadnews.com\/index.php?rest_route=%2Fwp%2Fv2%2Fmedia&parent=28895"}],"wp:term":[{"taxonomy":"category","embeddable":true,"href":"https:\/\/solidaridadnews.com\/index.php?rest_route=%2Fwp%2Fv2%2Fcategories&post=28895"},{"taxonomy":"post_tag","embeddable":true,"href":"https:\/\/solidaridadnews.com\/index.php?rest_route=%2Fwp%2Fv2%2Ftags&post=28895"}],"curies":[{"name":"wp","href":"https:\/\/api.w.org\/{rel}","templated":true}]}}