{"id":28878,"date":"2023-09-05T07:33:17","date_gmt":"2023-09-05T12:33:17","guid":{"rendered":"https:\/\/solidaridadnews.com\/?p=28878"},"modified":"2023-09-05T12:33:19","modified_gmt":"2023-09-05T12:33:19","slug":"anuncian-magno-concierto-de-los-aguilar-el-15-de-septiembre","status":"publish","type":"post","link":"https:\/\/solidaridadnews.com\/?p=28878","title":{"rendered":"Anuncian magno concierto de \u201c\u2018Los Aguilar\u201d el 15 de septiembre"},"content":{"rendered":"<p><strong>Las y los solidarenses podr\u00e1n disfrutar del concierto de Pepe, \u00c1ngela y Leonardo Aguilar, este pr\u00f3ximo 15 de septiembre, as\u00ed lo dio a conocer la presidenta municipal Lili Campos.<\/strong><\/p>\n<p>Como ya es tradici\u00f3n, para celebrar la noche mexicana, la edil solidarense anunci\u00f3 la presencia de la dinast\u00eda \u201cAguilar\u201d para el pr\u00f3ximo viernes 15 de septiembre en la Plaza C\u00edvica 28 de Julio a partir de las 8:00 de la noche, la cual ser\u00e1 libre para toda la ciudadan\u00eda.<\/p>\n<p>Asimismo, previo al magno concierto, se realizar\u00e1n eventos art\u00edsticos y culturales, por lo que se invita a la ciudadan\u00eda a participar en las actividades de Fiestas Patrias que se estar\u00e1n llevando a cabo en el municipio.<\/p>\n","protected":false},"excerpt":{"rendered":"<p>Las y los solidarenses podr\u00e1n disfrutar del concierto de Pepe, \u00c1ngela y Leonardo Aguilar, este pr\u00f3ximo 15 de septiembre, as\u00ed lo dio a conocer la presidenta municipal Lili Campos. Como ya es tradici\u00f3n, para celebrar la noche mexicana, la edil solidarense anunci\u00f3 la presencia de la dinast\u00eda \u201cAguilar\u201d para el pr\u00f3ximo viernes 15 de septiembre [&hellip;]<\/p>\n","protected":false},"author":1,"featured_media":28880,"comment_status":"open","ping_status":"closed","sticky":false,"template":"","format":"standard","meta":{"footnotes":""},"categories":[4],"tags":[],"class_list":["post-28878","post","type-post","status-publish","format-standard","has-post-thumbnail","hentry","category-local"],"_links":{"self":[{"href":"https:\/\/solidaridadnews.com\/index.php?rest_route=\/wp\/v2\/posts\/28878","targetHints":{"allow":["GET"]}}],"collection":[{"href":"https:\/\/solidaridadnews.com\/index.php?rest_route=\/wp\/v2\/posts"}],"about":[{"href":"https:\/\/solidaridadnews.com\/index.php?rest_route=\/wp\/v2\/types\/post"}],"author":[{"embeddable":true,"href":"https:\/\/solidaridadnews.com\/index.php?rest_route=\/wp\/v2\/users\/1"}],"replies":[{"embeddable":true,"href":"https:\/\/solidaridadnews.com\/index.php?rest_route=%2Fwp%2Fv2%2Fcomments&post=28878"}],"version-history":[{"count":1,"href":"https:\/\/solidaridadnews.com\/index.php?rest_route=\/wp\/v2\/posts\/28878\/revisions"}],"predecessor-version":[{"id":28879,"href":"https:\/\/solidaridadnews.com\/index.php?rest_route=\/wp\/v2\/posts\/28878\/revisions\/28879"}],"wp:featuredmedia":[{"embeddable":true,"href":"https:\/\/solidaridadnews.com\/index.php?rest_route=\/wp\/v2\/media\/28880"}],"wp:attachment":[{"href":"https:\/\/solidaridadnews.com\/index.php?rest_route=%2Fwp%2Fv2%2Fmedia&parent=28878"}],"wp:term":[{"taxonomy":"category","embeddable":true,"href":"https:\/\/solidaridadnews.com\/index.php?rest_route=%2Fwp%2Fv2%2Fcategories&post=28878"},{"taxonomy":"post_tag","embeddable":true,"href":"https:\/\/solidaridadnews.com\/index.php?rest_route=%2Fwp%2Fv2%2Ftags&post=28878"}],"curies":[{"name":"wp","href":"https:\/\/api.w.org\/{rel}","templated":true}]}}