{"id":28875,"date":"2023-09-05T07:31:46","date_gmt":"2023-09-05T12:31:46","guid":{"rendered":"https:\/\/solidaridadnews.com\/?p=28875"},"modified":"2023-09-05T12:31:48","modified_gmt":"2023-09-05T12:31:48","slug":"analizan-iniciar-operaciones-de-una-aeropista-de-puerto-aventuras-la-de-playa-del-carmen-ya-es-un-riesgo","status":"publish","type":"post","link":"https:\/\/solidaridadnews.com\/?p=28875","title":{"rendered":"Analizan iniciar operaciones de una aeropista de Puerto Aventuras, la de Playa del Carmen ya es un riesgo"},"content":{"rendered":"<p>-La aeropista de Puerto Aventuras ser\u00e1 la soluci\u00f3n para eliminar los riesgos que se tienen en Playa del Carmen, adem\u00e1s de que permitir\u00e1 liberar el tr\u00e1fico de aeronaves privadas que arriba al Aeropuerto de Canc\u00fan as\u00ed lo dio a conocer Jos\u00e9 Alberto Alonso Ovando, titular de la Agencia de Proyectos Estrat\u00e9gicos de Quintana Roo (Agepro).<\/p>\n<p>El director de la Agepro precis\u00f3 que se retomar\u00e1 el proyecto para atender la demanda de personas que usan aviones privados como turistas de alto poder adquisitivo, y que requieren un espacio para aterrizar en la Riviera Maya, y que si bien no ser\u00e1 r\u00e1pido, pues a\u00fan faltan los estudios de aeron\u00e1utica, se contempla que el proyecto entre en marcha para 2024.<\/p>\n<p>\u201cCon la aeropista de Puerto Aventuras queremos solucionar esa situaci\u00f3n de riesgo y tambi\u00e9n fomentar que la gente, que puede, que tiene su propio avi\u00f3n y tiene sus aviones que tengan un lugar donde llegar seguro donde puedan tener tambi\u00e9n sus aviones y todo el equipo que se ocupa\u201d.<\/p>\n<p>\u201cEso va hacer gradual, porque cuesta mucho dinero, pero eventualmente vamos a hacer lo b\u00e1sico para quitar el riesgo de Playa y luego vamos a ir complementando las instalaciones para que puedan ser un negocio\u201d.<\/p>\n<p>Por \u00faltimo, Alonso Ovando, aunque no precis\u00f3 montos de inversi\u00f3n, no descart\u00f3 que la modalidad del proyecto podr\u00eda ser bajo el esquema Asociaci\u00f3n P\u00fablico Privado (APP), sin embargo, ante la necesidad de tener una aeropista en el centro de la Riviera Maya, por su ubicaci\u00f3n geogr\u00e1fica Solidaridad es el punto exacto para que se concrete el proyecto.<\/p>\n","protected":false},"excerpt":{"rendered":"<p>-La aeropista de Puerto Aventuras ser\u00e1 la soluci\u00f3n para eliminar los riesgos que se tienen en Playa del Carmen, adem\u00e1s de que permitir\u00e1 liberar el tr\u00e1fico de aeronaves privadas que arriba al Aeropuerto de Canc\u00fan as\u00ed lo dio a conocer Jos\u00e9 Alberto Alonso Ovando, titular de la Agencia de Proyectos Estrat\u00e9gicos de Quintana Roo (Agepro). [&hellip;]<\/p>\n","protected":false},"author":1,"featured_media":28877,"comment_status":"open","ping_status":"closed","sticky":false,"template":"","format":"standard","meta":{"footnotes":""},"categories":[4],"tags":[],"class_list":["post-28875","post","type-post","status-publish","format-standard","has-post-thumbnail","hentry","category-local"],"_links":{"self":[{"href":"https:\/\/solidaridadnews.com\/index.php?rest_route=\/wp\/v2\/posts\/28875","targetHints":{"allow":["GET"]}}],"collection":[{"href":"https:\/\/solidaridadnews.com\/index.php?rest_route=\/wp\/v2\/posts"}],"about":[{"href":"https:\/\/solidaridadnews.com\/index.php?rest_route=\/wp\/v2\/types\/post"}],"author":[{"embeddable":true,"href":"https:\/\/solidaridadnews.com\/index.php?rest_route=\/wp\/v2\/users\/1"}],"replies":[{"embeddable":true,"href":"https:\/\/solidaridadnews.com\/index.php?rest_route=%2Fwp%2Fv2%2Fcomments&post=28875"}],"version-history":[{"count":1,"href":"https:\/\/solidaridadnews.com\/index.php?rest_route=\/wp\/v2\/posts\/28875\/revisions"}],"predecessor-version":[{"id":28876,"href":"https:\/\/solidaridadnews.com\/index.php?rest_route=\/wp\/v2\/posts\/28875\/revisions\/28876"}],"wp:featuredmedia":[{"embeddable":true,"href":"https:\/\/solidaridadnews.com\/index.php?rest_route=\/wp\/v2\/media\/28877"}],"wp:attachment":[{"href":"https:\/\/solidaridadnews.com\/index.php?rest_route=%2Fwp%2Fv2%2Fmedia&parent=28875"}],"wp:term":[{"taxonomy":"category","embeddable":true,"href":"https:\/\/solidaridadnews.com\/index.php?rest_route=%2Fwp%2Fv2%2Fcategories&post=28875"},{"taxonomy":"post_tag","embeddable":true,"href":"https:\/\/solidaridadnews.com\/index.php?rest_route=%2Fwp%2Fv2%2Ftags&post=28875"}],"curies":[{"name":"wp","href":"https:\/\/api.w.org\/{rel}","templated":true}]}}