{"id":28869,"date":"2023-09-05T07:28:40","date_gmt":"2023-09-05T12:28:40","guid":{"rendered":"https:\/\/solidaridadnews.com\/?p=28869"},"modified":"2023-09-05T12:28:41","modified_gmt":"2023-09-05T12:28:41","slug":"fallece-a-los-67-anos-en-oviedo-carmen-orejas-la-sonrisa-del-grupo-orejas","status":"publish","type":"post","link":"https:\/\/solidaridadnews.com\/?p=28869","title":{"rendered":"Fallece a los 67 a\u00f1os en Oviedo Carmen Orejas, la sonrisa del Grupo Orejas"},"content":{"rendered":"<div class=\"headline-article\">\n<h4 class=\"headline-article__extended-subtitle\" style=\"text-align: center;\">La fallecida era la cuarta de los siete hijos del empresario Luis Orejas Canseco y fue vicepresidenta del Club de Tenis<\/h4>\n<\/div>\n<div class=\"article-entry-author\">\n<p class=\"article-body__text article-body__text--entry article-body__text-middle\">La ciudad de Oviedo se despert\u00f3 este martes con una noticia muy triste. Carmen Mar\u00eda Orejas Rodr\u00edguez-Arango, cuarta de los siete hijos del desaparecido empresario Luis Orejas Canseco y hermana de Rufino Orejas, presidente de Qu\u00edmica del Nal\u00f3n y el Grupo Orejas, falleci\u00f3 la noche del lunes en el Hospital Monte Naranco a los 67 a\u00f1os de edad como consecuencia de una fulminante enfermedad. \u201cNos quedamos con lo buena persona que era y la sonrisa que ten\u00eda\u201d, se\u00f1alaron sus familiares en la capilla ardiente instalada en el tanatorio de Los Arenales.<\/p>\n<div class=\"article-body--seo-closed\">\n<p class=\"article-body__text \">Carmen era licencia en Psicolog\u00eda, pero nunca ejerci\u00f3 como tal. Actualmente era una de las accionistas mayoritarias del Grupo Orejas, pero su principal empresa siempre fue la familia. Casada con Jos\u00e9 Luis P\u00e9rez-Campoamor, hijo del famoso m\u00e9dico tapiego del mismo nombre y director financiero del conglomerado de los Orejas, era madre de tres hijos. El mayor, Jos\u00e9 Luis, ejerce como abogado, el segundo, Gonzalo, es el actual director financiero del grupo de empresas familiar y Covadonga, la \u00faltima, trabaja como auditora en Madrid.<\/p>\n<div id=\"intext-sunmedia-1\">\n<div id=\"sm-it-main-container-1693916841801\" class=\"sm-it-main-container\" data-it=\"b97c30a1-c0dc-48dd-898c-9e20b45b0650\" data-device=\"desktop\" data-index=\"0\">\n<div id=\"sm-reference-1693916841801\" class=\"sm-reference\"><\/div>\n<\/div>\n<\/div>\n<p class=\"article-body__text \">Los dos hijos varones dieron a Carmen cinco nietos, los cuales se convirtieron en su gran debilidad. La fallecida viv\u00eda a caballo entre Oviedo, Tapia de Casariego y Madrid y destacaba, seg\u00fan su hermano Rufino por ser \u201cuna persona muy activa, din\u00e1mica, deportista y de car\u00e1cter alegre\u201d.<\/p>\n<p class=\"article-body__text \">En el plano deportivo era para muchos una superdotada. Ganadora de varios torneos de golf, durante ocho a\u00f1os integr\u00f3 la directiva del Club de Tenis de Oviedo, bajo la presidencia de Fernando Fern\u00e1ndez-Ladreda. Tal era su implicaci\u00f3n, que durante el \u00faltimo de los dos mandatos ocup\u00f3 la vicepresidencia. \u201cEra una esposa, madre y abuela ejemplar, siempre pendiente de todo para ayudar en lo que fuera necesario\u201d, explica Fern\u00e1ndez-Ladredra, agradeciendo a la fallecida \u201csu amistad y amor al club\u201d privado de la calle General Zuvillaga.<\/p>\n<p class=\"article-body__text \">Carmen Orejas era una incondicional de los veranos de Tapia de Casariego. \u201cLe encantaba el mar, ba\u00f1arse en la playa, todo lo que fuera al aire libre\u201d, comenta su entorno m\u00e1s cercano.<\/p>\n<p class=\"article-body__text \">La vida golpe\u00f3 a Orejas el pasado mes de julio cuando le diagnosticaron una grave enfermedad. Apenas dos a\u00f1os despu\u00e9s, su vida se apag\u00f3 en el Hospital Monte Naranco, al que la familia est\u00e1 muy agradecida por el trato recibido. \u201cEstoy realmente impresionado y agradecido del sistema sanitario. Del personal, la dedicaci\u00f3n, el cari\u00f1o y competencia que mostraron todo este tiempo es digno de resaltar. Estamos todos muy agradecidos\u201d, declara Rufino Orejas.<\/p>\n<div class=\"article-body \">\n<div class=\"article-body--seo-closed\">\n<p class=\"article-body__text \">La capilla ardiente de Carmen Orejas est\u00e1 instalada en la sala 10 del tanatorio de Los Arenales. El funeral de cuerpo presente en la iglesia parroquial de El Coraz\u00f3n de Mar\u00eda, a partir de las 17.00 horas de este mi\u00e9rcoles.<\/p>\n<\/div>\n<\/div>\n<div class=\"share-modal\">\n<div class=\"share-modal__title\"><\/div>\n<\/div>\n<\/div>\n<\/div>\n","protected":false},"excerpt":{"rendered":"<p>La fallecida era la cuarta de los siete hijos del empresario Luis Orejas Canseco y fue vicepresidenta del Club de Tenis La ciudad de Oviedo se despert\u00f3 este martes con una noticia muy triste. Carmen Mar\u00eda Orejas Rodr\u00edguez-Arango, cuarta de los siete hijos del desaparecido empresario Luis Orejas Canseco y hermana de Rufino Orejas, presidente [&hellip;]<\/p>\n","protected":false},"author":1,"featured_media":28871,"comment_status":"open","ping_status":"closed","sticky":false,"template":"","format":"standard","meta":{"footnotes":""},"categories":[4],"tags":[],"class_list":["post-28869","post","type-post","status-publish","format-standard","has-post-thumbnail","hentry","category-local"],"_links":{"self":[{"href":"https:\/\/solidaridadnews.com\/index.php?rest_route=\/wp\/v2\/posts\/28869","targetHints":{"allow":["GET"]}}],"collection":[{"href":"https:\/\/solidaridadnews.com\/index.php?rest_route=\/wp\/v2\/posts"}],"about":[{"href":"https:\/\/solidaridadnews.com\/index.php?rest_route=\/wp\/v2\/types\/post"}],"author":[{"embeddable":true,"href":"https:\/\/solidaridadnews.com\/index.php?rest_route=\/wp\/v2\/users\/1"}],"replies":[{"embeddable":true,"href":"https:\/\/solidaridadnews.com\/index.php?rest_route=%2Fwp%2Fv2%2Fcomments&post=28869"}],"version-history":[{"count":1,"href":"https:\/\/solidaridadnews.com\/index.php?rest_route=\/wp\/v2\/posts\/28869\/revisions"}],"predecessor-version":[{"id":28870,"href":"https:\/\/solidaridadnews.com\/index.php?rest_route=\/wp\/v2\/posts\/28869\/revisions\/28870"}],"wp:featuredmedia":[{"embeddable":true,"href":"https:\/\/solidaridadnews.com\/index.php?rest_route=\/wp\/v2\/media\/28871"}],"wp:attachment":[{"href":"https:\/\/solidaridadnews.com\/index.php?rest_route=%2Fwp%2Fv2%2Fmedia&parent=28869"}],"wp:term":[{"taxonomy":"category","embeddable":true,"href":"https:\/\/solidaridadnews.com\/index.php?rest_route=%2Fwp%2Fv2%2Fcategories&post=28869"},{"taxonomy":"post_tag","embeddable":true,"href":"https:\/\/solidaridadnews.com\/index.php?rest_route=%2Fwp%2Fv2%2Ftags&post=28869"}],"curies":[{"name":"wp","href":"https:\/\/api.w.org\/{rel}","templated":true}]}}