{"id":28840,"date":"2023-09-04T18:42:35","date_gmt":"2023-09-04T23:42:35","guid":{"rendered":"https:\/\/solidaridadnews.com\/?p=28840"},"modified":"2023-09-04T23:42:37","modified_gmt":"2023-09-04T23:42:37","slug":"desmienten-que-exista-auditoria-sobre-la-plaza-28-de-julio-en-playa-del-carmen","status":"publish","type":"post","link":"https:\/\/solidaridadnews.com\/?p=28840","title":{"rendered":"Desmienten que exista auditor\u00eda sobre la Plaza 28 de Julio en Playa del Carmen"},"content":{"rendered":"<p>El proyecto de la remodelaci\u00f3n de la plaza \u201c28 de Julio\u201d no es fiscalizable, aclar\u00f3 hoy Lili Campos Miranda, presidenta municipal de Solidaridad, ya que es una obra que no se ha concluido, por lo que es falso que exista alguna investigaci\u00f3n por parte de la Auditor\u00eda Superior del Estado (Aseqroo).<\/p>\n<p>En su informe semanal, la alcaldesa aclar\u00f3 que el Ayuntamiento colabora en las auditor\u00edas por las obras de 2021 y 2022, y estar\u00e1 lista y abierta para cuando sea el turno de abordar los trabajos realizados este a\u00f1o, en 2024.<\/p>\n<p>Expres\u00f3 que las aclaraciones del proyecto las dar\u00e1 a la ciudadan\u00eda y no a las personas que mediante notas especulan sobre el tema, el cual ya fue aclarado incluso por el mismo Manuel Palacios Herrera, titular de la Auditor\u00eda Superior del Estado.<\/p>\n<p>En este sentido, indic\u00f3 que la plaza ser\u00e1 utilizada el 15 de septiembre para realizar las festividades, para lo cual ya est\u00e1n instalando la fuente que contar\u00e1 con un espect\u00e1culo de luz y sonido, como un atractivo m\u00e1s para el turismo. Tambi\u00e9n contar\u00e1 con un anfiteatro con capacidad para dos mil 500 personas.<\/p>\n<p>\u201cLo que estamos haciendo es rescatar los mismos elementos de la plaza, pero renovados, porque ya quedaba chica\u201d, se\u00f1al\u00f3.<\/p>\n<p>La edil tambi\u00e9n enfatiz\u00f3 que los artesanos que fueron removidos del lugar para realizar estos trabajos de rehabilitaci\u00f3n regresar\u00e1n a la plaza, donde tendr\u00e1n productos con la marca de \u201cHecho en Playa del Carmen<\/p>\n<h1><strong>CASOS DE DENGUE<\/strong><\/h1>\n<p>En otro tema, la presidenta municipal inform\u00f3 que durante el mes de agosto en la ciudad se tuvo el registro de 150 personas contagiadas de dengue, sin embargo, Playa del Carmen se mantiene en sem\u00e1foro verde.<\/p>\n<p>En este sentido, indic\u00f3 que continuaran con los trabajos de nebulizaci\u00f3n, pero bajos los criterios establecidos, ya que el abuso de esta pr\u00e1ctica no solo erradicar\u00eda al mosco transmisor del dengue, sino afectar\u00eda a otra fauna necesaria.<\/p>\n<p>La edil pidi\u00f3 la ayuda de las familias para que desde casa para eviten la formaci\u00f3n de criaderos de mosquitos con la acumulaci\u00f3n de agua y de esta forma coadyuvar en el combate al dengue.<\/p>\n<p>Por su parte, Carlos Contreras Mejorada, secretario de Salud municipal, aclar\u00f3 que en Quintana Roo no se tienen programada la aplicaci\u00f3n de la vacunaci\u00f3n contra el dengue.<\/p>\n<p>Precis\u00f3 que en todo Quintana Roo actualmente se tienen dos municipios en sem\u00e1foro rojo, dos en amarillo y siete en verde, entre ellos Solidaridad, con relaci\u00f3n al n\u00famero de reportes y el n\u00famero de habitantes.\u00a0<strong>(Agencia SIM)<\/strong><\/p>\n","protected":false},"excerpt":{"rendered":"<p>El proyecto de la remodelaci\u00f3n de la plaza \u201c28 de Julio\u201d no es fiscalizable, aclar\u00f3 hoy Lili Campos Miranda, presidenta municipal de Solidaridad, ya que es una obra que no se ha concluido, por lo que es falso que exista alguna investigaci\u00f3n por parte de la Auditor\u00eda Superior del Estado (Aseqroo). En su informe semanal, [&hellip;]<\/p>\n","protected":false},"author":1,"featured_media":28842,"comment_status":"open","ping_status":"closed","sticky":false,"template":"","format":"standard","meta":{"footnotes":""},"categories":[4],"tags":[],"class_list":["post-28840","post","type-post","status-publish","format-standard","has-post-thumbnail","hentry","category-local"],"_links":{"self":[{"href":"https:\/\/solidaridadnews.com\/index.php?rest_route=\/wp\/v2\/posts\/28840","targetHints":{"allow":["GET"]}}],"collection":[{"href":"https:\/\/solidaridadnews.com\/index.php?rest_route=\/wp\/v2\/posts"}],"about":[{"href":"https:\/\/solidaridadnews.com\/index.php?rest_route=\/wp\/v2\/types\/post"}],"author":[{"embeddable":true,"href":"https:\/\/solidaridadnews.com\/index.php?rest_route=\/wp\/v2\/users\/1"}],"replies":[{"embeddable":true,"href":"https:\/\/solidaridadnews.com\/index.php?rest_route=%2Fwp%2Fv2%2Fcomments&post=28840"}],"version-history":[{"count":1,"href":"https:\/\/solidaridadnews.com\/index.php?rest_route=\/wp\/v2\/posts\/28840\/revisions"}],"predecessor-version":[{"id":28841,"href":"https:\/\/solidaridadnews.com\/index.php?rest_route=\/wp\/v2\/posts\/28840\/revisions\/28841"}],"wp:featuredmedia":[{"embeddable":true,"href":"https:\/\/solidaridadnews.com\/index.php?rest_route=\/wp\/v2\/media\/28842"}],"wp:attachment":[{"href":"https:\/\/solidaridadnews.com\/index.php?rest_route=%2Fwp%2Fv2%2Fmedia&parent=28840"}],"wp:term":[{"taxonomy":"category","embeddable":true,"href":"https:\/\/solidaridadnews.com\/index.php?rest_route=%2Fwp%2Fv2%2Fcategories&post=28840"},{"taxonomy":"post_tag","embeddable":true,"href":"https:\/\/solidaridadnews.com\/index.php?rest_route=%2Fwp%2Fv2%2Ftags&post=28840"}],"curies":[{"name":"wp","href":"https:\/\/api.w.org\/{rel}","templated":true}]}}