{"id":28774,"date":"2023-08-28T17:32:59","date_gmt":"2023-08-28T22:32:59","guid":{"rendered":"https:\/\/solidaridadnews.com\/?p=28774"},"modified":"2023-08-28T22:33:00","modified_gmt":"2023-08-28T22:33:00","slug":"pide-ampi-playa-del-carmen-regular-las-rentas-vacacionales-que-llegaron-para-quedarse","status":"publish","type":"post","link":"https:\/\/solidaridadnews.com\/?p=28774","title":{"rendered":"Pide AMPI Playa del Carmen regular las rentas vacacionales que llegaron para quedarse"},"content":{"rendered":"<p>Las rentas vacacionales llegaron para quedarse y competirle al sector hotelero, por ello la Asociaci\u00f3n Mexicana de Profesionales Inmobiliarios (AMPI), a trav\u00e9s de su presidente en Playa del Carmen, Jaime Gonz\u00e1lez, pide su regulaci\u00f3n, sobre todo para que puedan ofrecer garant\u00edas a los hu\u00e9spedes y de paso, pagar impuestos.<\/p>\n<div>\n<p>\u201cLa renta vacacional es un tema muy pol\u00e9mico, sobre todo por el pago de impuestos, con la competencia que tienen con la hoteler\u00eda, pero es una realidad; este tipo de cosas que no las puedes detener, llegaron para quedarse; entonces, lo que se debe atender es regularlo, darle seriedad\u201d, coment\u00f3 el empresario en entrevista.<\/p>\n<p>Asimismo, y a fin de continuar d\u00e1ndole formalidad al sector, Jaime Gonz\u00e1lez pide que los promotores de las rentas vacacionales sean agentes inmobiliarios matriculados y que se rijan bajo la ley inmobiliaria que existe en Quintana Roo.<\/p>\n<p>\u201cEl agente inmobiliario que est\u00e9 all\u00e1 afuera sin matr\u00edcula, est\u00e1 de ilegal, entonces tenemos que impulsar mucho esto. Un agente matriculado es un agente preparado. La persona que lo est\u00e9 promoviendo (una renta vacacional) o las propiedades en general, debe ser un profesional, y para eso en Quintana Roo existe una ley inmobiliaria, por lo que tenemos que impulsarla, as\u00ed como la matriculaci\u00f3n de los agentes inmobiliarios\u201d, recalc\u00f3.<\/p>\n<h3 class=\"wp-block-heading\"><strong>OCTAVA EDICI\u00d3N DEL FORO AMPI<\/strong><\/h3>\n<p>Bajo este tenor, anunci\u00f3 la siguiente edici\u00f3n del Foro Inmobiliario AMPI, la cual ser\u00e1 la n\u00famero ocho y se realizar\u00e1 el 7 de septiembre en el hotel Xcaret Arte, en el que habr\u00e1 m\u00e1s de 700 asistentes y m\u00e1s de 46 expositores.<\/p>\n<p>\u201cLa tem\u00e1tica de este a\u00f1o es la inteligencia inmobiliaria, que hace referencia a todos los tipos de inteligencias que se necesitan para tener \u00e9xito en la industria. Debemos saber mucho de inteligencia emocional, inteligencia racional, inteligencia social, para saber hacer networking, y por \u00faltimo la inteligencia artificial, que ayudar\u00e1 a los profesionales inmobiliarios a cerrar m\u00e1s operaciones y hacer m\u00e1s efectivas sus empresas para competir mejor all\u00e1 afuera\u201d, detall\u00f3.<\/p>\n<p>Cabe resaltar que AMPI en todo Quintana Roo siempre ha pugnado porque todos los agentes inmobiliarios est\u00e9n debidamente acreditados y certificados.<\/p>\n<\/div>\n","protected":false},"excerpt":{"rendered":"<p>Las rentas vacacionales llegaron para quedarse y competirle al sector hotelero, por ello la Asociaci\u00f3n Mexicana de Profesionales Inmobiliarios (AMPI), a trav\u00e9s de su presidente en Playa del Carmen, Jaime Gonz\u00e1lez, pide su regulaci\u00f3n, sobre todo para que puedan ofrecer garant\u00edas a los hu\u00e9spedes y de paso, pagar impuestos. \u201cLa renta vacacional es un tema [&hellip;]<\/p>\n","protected":false},"author":1,"featured_media":28776,"comment_status":"open","ping_status":"closed","sticky":false,"template":"","format":"standard","meta":{"footnotes":""},"categories":[4],"tags":[],"class_list":["post-28774","post","type-post","status-publish","format-standard","has-post-thumbnail","hentry","category-local"],"_links":{"self":[{"href":"https:\/\/solidaridadnews.com\/index.php?rest_route=\/wp\/v2\/posts\/28774","targetHints":{"allow":["GET"]}}],"collection":[{"href":"https:\/\/solidaridadnews.com\/index.php?rest_route=\/wp\/v2\/posts"}],"about":[{"href":"https:\/\/solidaridadnews.com\/index.php?rest_route=\/wp\/v2\/types\/post"}],"author":[{"embeddable":true,"href":"https:\/\/solidaridadnews.com\/index.php?rest_route=\/wp\/v2\/users\/1"}],"replies":[{"embeddable":true,"href":"https:\/\/solidaridadnews.com\/index.php?rest_route=%2Fwp%2Fv2%2Fcomments&post=28774"}],"version-history":[{"count":1,"href":"https:\/\/solidaridadnews.com\/index.php?rest_route=\/wp\/v2\/posts\/28774\/revisions"}],"predecessor-version":[{"id":28775,"href":"https:\/\/solidaridadnews.com\/index.php?rest_route=\/wp\/v2\/posts\/28774\/revisions\/28775"}],"wp:featuredmedia":[{"embeddable":true,"href":"https:\/\/solidaridadnews.com\/index.php?rest_route=\/wp\/v2\/media\/28776"}],"wp:attachment":[{"href":"https:\/\/solidaridadnews.com\/index.php?rest_route=%2Fwp%2Fv2%2Fmedia&parent=28774"}],"wp:term":[{"taxonomy":"category","embeddable":true,"href":"https:\/\/solidaridadnews.com\/index.php?rest_route=%2Fwp%2Fv2%2Fcategories&post=28774"},{"taxonomy":"post_tag","embeddable":true,"href":"https:\/\/solidaridadnews.com\/index.php?rest_route=%2Fwp%2Fv2%2Ftags&post=28774"}],"curies":[{"name":"wp","href":"https:\/\/api.w.org\/{rel}","templated":true}]}}