{"id":28738,"date":"2023-08-27T12:05:38","date_gmt":"2023-08-27T17:05:38","guid":{"rendered":"https:\/\/solidaridadnews.com\/?p=28738"},"modified":"2023-08-27T17:05:40","modified_gmt":"2023-08-27T17:05:40","slug":"tritones-solidarenses-destacan-en-san-salvador","status":"publish","type":"post","link":"https:\/\/solidaridadnews.com\/?p=28738","title":{"rendered":"Tritones Solidarenses Destacan en San Salvador"},"content":{"rendered":"<h4 class=\"jeg_post_subtitle\" style=\"text-align: center;\">Seis nadadores de dicho municipio, representaron tanto al estado de Quintana Roo como al pa\u00eds, en los Campeonatos de la Confederaci\u00f3n Centroamericana y del Caribe de Nataci\u00f3n 2023, donde obtuvieron 16 medallas<\/h4>\n<div class=\"jeg_meta_container\">\n<div class=\"jeg_post_meta jeg_post_meta_1\">\n<p>Los seis nadadores solidarenses que fueron convocados a la selecci\u00f3n nacional para representar a M\u00e9xico en los Campeonatos de la Confederaci\u00f3n Centroamericano y del Caribe de Nataci\u00f3n (CCCAN) 2023 que tuvieron como sede para la nataci\u00f3n el \u201cPolideportivo Del Merliot\u201d y para el Nado en Aguas Abiertas el Lago de\u00a0<em><strong>\u201cIlopango\u201d<\/strong><\/em>, en El Salvador, obtuvieron un total de 16 medallas, demostrando su val\u00eda en cada competencia y subiendo al p\u00f3dium con mucho orgullo.<\/p>\n<p>Los primeros en entrar en acci\u00f3n fueron los nadadores en la alberca que consiguieron las primeras medallas en la categor\u00eda 13-14 a\u00f1os, donde Carlotta Mart\u00ednez conquist\u00f3 oro en la prueba de 4\u00d7100 metros, adem\u00e1s\u00a0 de plata en relevo combinado, en 200 metros dorso, as\u00ed como bronce en 50 dorso y en 100 dorso.<\/p>\n<p>Por su parte Oliver Lund se colg\u00f3 plata en 100 metros dorso, bronce en 50 dorso y\u00a0 200 dorso; sin dejar de lado a Yanni Blanco quien form\u00f3 parte del relevo mexicano que gan\u00f3 tres preseas \u00e1ureas en las modalidades de 4\u00d7100 metros libres, 4\u00d750 combinado mixto y 4\u00d7200 estilo libre.<\/p>\n<p>Mientras que en lo referente al nado en Aguas Abiertas, los tritones oriundos de Solidaridad participaron en la categor\u00eda 12-13 a\u00f1os, donde Mar\u00eda Elena Carreto y Abigail Medina hicieron el 2-3 en la prueba individual de 3k para colgarse plata y bronce respectivamente, en tanto que Miguel \u00c1ngel Urquidiz se colg\u00f3 el bronce en esa misma prueba, pero en varones.<\/p>\n<p>Cabe se\u00f1alar, que ellos tres integraron el Relevo Mixto de cinco kil\u00f3metros, que se qued\u00f3 con la medalla de plata, en los resultados finales esta categor\u00eda en la rama femenil se consagr\u00f3 como campeona del evento.<\/p>\n<p>El Lic. Amador Guti\u00e9rrez Guigui, director general del Instituto del Deporte Municipal, felicit\u00f3 a los j\u00f3venes y se\u00f1oritas as\u00ed como a los entrenadores Susana Fern\u00e1ndez y Jorge Fragoso por la gran labor realizada y que se vio coronada con los grandes resultados y la experiencia obtenida para mejorar sus marcas.<\/p>\n<p>Al tiempo de agradecer y felicitar a nombre de la presidenta municipal Lili Campos Miranda, a los padres de familia, quienes son la base del \u00e9xito de los deportistas.<\/p>\n<\/div>\n<\/div>\n","protected":false},"excerpt":{"rendered":"<p>Seis nadadores de dicho municipio, representaron tanto al estado de Quintana Roo como al pa\u00eds, en los Campeonatos de la Confederaci\u00f3n Centroamericana y del Caribe de Nataci\u00f3n 2023, donde obtuvieron 16 medallas Los seis nadadores solidarenses que fueron convocados a la selecci\u00f3n nacional para representar a M\u00e9xico en los Campeonatos de la Confederaci\u00f3n Centroamericano y [&hellip;]<\/p>\n","protected":false},"author":1,"featured_media":28740,"comment_status":"open","ping_status":"closed","sticky":false,"template":"","format":"standard","meta":{"footnotes":""},"categories":[4],"tags":[],"class_list":["post-28738","post","type-post","status-publish","format-standard","has-post-thumbnail","hentry","category-local"],"_links":{"self":[{"href":"https:\/\/solidaridadnews.com\/index.php?rest_route=\/wp\/v2\/posts\/28738","targetHints":{"allow":["GET"]}}],"collection":[{"href":"https:\/\/solidaridadnews.com\/index.php?rest_route=\/wp\/v2\/posts"}],"about":[{"href":"https:\/\/solidaridadnews.com\/index.php?rest_route=\/wp\/v2\/types\/post"}],"author":[{"embeddable":true,"href":"https:\/\/solidaridadnews.com\/index.php?rest_route=\/wp\/v2\/users\/1"}],"replies":[{"embeddable":true,"href":"https:\/\/solidaridadnews.com\/index.php?rest_route=%2Fwp%2Fv2%2Fcomments&post=28738"}],"version-history":[{"count":1,"href":"https:\/\/solidaridadnews.com\/index.php?rest_route=\/wp\/v2\/posts\/28738\/revisions"}],"predecessor-version":[{"id":28739,"href":"https:\/\/solidaridadnews.com\/index.php?rest_route=\/wp\/v2\/posts\/28738\/revisions\/28739"}],"wp:featuredmedia":[{"embeddable":true,"href":"https:\/\/solidaridadnews.com\/index.php?rest_route=\/wp\/v2\/media\/28740"}],"wp:attachment":[{"href":"https:\/\/solidaridadnews.com\/index.php?rest_route=%2Fwp%2Fv2%2Fmedia&parent=28738"}],"wp:term":[{"taxonomy":"category","embeddable":true,"href":"https:\/\/solidaridadnews.com\/index.php?rest_route=%2Fwp%2Fv2%2Fcategories&post=28738"},{"taxonomy":"post_tag","embeddable":true,"href":"https:\/\/solidaridadnews.com\/index.php?rest_route=%2Fwp%2Fv2%2Ftags&post=28738"}],"curies":[{"name":"wp","href":"https:\/\/api.w.org\/{rel}","templated":true}]}}