{"id":28681,"date":"2023-08-25T15:11:37","date_gmt":"2023-08-25T20:11:37","guid":{"rendered":"https:\/\/solidaridadnews.com\/?p=28681"},"modified":"2023-08-25T20:11:46","modified_gmt":"2023-08-25T20:11:46","slug":"el-museo-regional-de-nayarit-presenta-la-exposicion-codices-de-mexico","status":"publish","type":"post","link":"https:\/\/solidaridadnews.com\/?p=28681","title":{"rendered":"El Museo Regional de Nayarit presenta la exposici\u00f3n C\u00f3dices de M\u00e9xico"},"content":{"rendered":"<p>\u2022 Pertenecientes a la Biblioteca Nacional de Antropolog\u00eda e Historia, cinco reproducciones dan cuenta de la relevancia universal de estas piezas<\/p>\n<p>\u2022 La inauguraci\u00f3n, el 25 de agosto de 2023, se acompa\u00f1ar\u00e1 de una conferencia magistral del curador, Baltazar Brito Guadarrama<\/p>\n<p>Los c\u00f3dices constituyen una de las fuentes m\u00e1s importantes para acercarnos a las culturas antiguas de M\u00e9xico y son memoria del alto grado de desarrollo cultural, cient\u00edfico y art\u00edstico de los pueblos originarios de nuestro pa\u00eds.<\/p>\n<p>Curada por el director de la Biblioteca Nacional de Antropolog\u00eda e Historia (BNAH), Baltazar Brito Guadarrama, la exposici\u00f3n\u00a0<em>C\u00f3dices de M\u00e9xico<\/em>\u00a0re\u00fane cinco facsimilares de documentos pictogr\u00e1ficos, los cuales son clave para entender el modo en que los pueblos mesoamericanos conceb\u00edan el cosmos y el tiempo, as\u00ed como para estudiar la continuidad de los saberes ind\u00edgenas en la \u00e9poca virreinal.<\/p>\n<p>&nbsp;<\/p>\n<p>Los facsimilares que integran la muestra son:<em>\u00a0C\u00f3dice Mendocino, Tonal\u00e1matl<\/em>,<em>\u00a0Boturini<\/em>,<em>\u00a0de la Cruz-Badiano\u00a0<\/em>y\u00a0<em>Dresde<\/em>. Estos documentos dan cuenta del complejo trabajo de los\u00a0<em>tlacuilos<\/em>\u00a0\u2013los que escriben pintando\u2013 para registrar acontecimientos, nombres, fechas, lugares, cuentas, pr\u00e1cticas y creencias.<\/p>\n<p>&nbsp;<\/p>\n<p>Los archivos presentados en esta muestra son reproducciones fieles de los originales y fueron elaborados por la Secretar\u00eda de Cultura del Gobierno de M\u00e9xico, a trav\u00e9s del Instituto Nacional de Antropolog\u00eda e Historia (INAH) y de la BNAH. Hoy se muestran al p\u00fablico para compartir su belleza art\u00edstica, la profundidad de su contenido y su relevancia universal.<\/p>\n<p>&nbsp;<\/p>\n<p>Los c\u00f3dices mexicanos contienen y preservan esta sabidur\u00eda ancestral que hacen de ellos documentos vigentes, los cuales no se limitan al pasado; a\u00fan hoy, las comunidades recurren a ellos como fuente hist\u00f3rica, respaldo legal y s\u00edmbolo de identidad.<\/p>\n<p>&nbsp;<\/p>\n<p>La inauguraci\u00f3n de la exposici\u00f3n ser\u00e1 el viernes 25 de agosto de 2023, a las 17:00 horas, y se acompa\u00f1ar\u00e1 de la conferencia magistral\u00a0<em>C\u00f3dices de M\u00e9xico<\/em>, impartida por el curador de la exhibici\u00f3n, quien adem\u00e1s es director de la BNAH, con acceso gratuito.<\/p>\n<p>&nbsp;<\/p>\n<p>La muestra podr\u00e1 disfrutarse hasta fines de marzo de 2024, en el Museo Regional de Nayarit (av. M\u00e9xico No. 91 Norte, Centro Hist\u00f3rico), de lunes a viernes, de 10:00 a 16:00 horas, y los s\u00e1bados de 10:00 a 15:00 horas.<\/p>\n<p>&nbsp;<\/p>\n<p>Salvo el d\u00eda que se inaugura la muestra, el costo de acceso al museo es de $70.00 pesos. La entrada es gratuita para menores de 13 a\u00f1os, estudiantes y maestros, personas con discapacidad y adultos mayores con credencial.<\/p>\n","protected":false},"excerpt":{"rendered":"<p>\u2022 Pertenecientes a la Biblioteca Nacional de Antropolog\u00eda e Historia, cinco reproducciones dan cuenta de la relevancia universal de estas piezas \u2022 La inauguraci\u00f3n, el 25 de agosto de 2023, se acompa\u00f1ar\u00e1 de una conferencia magistral del curador, Baltazar Brito Guadarrama Los c\u00f3dices constituyen una de las fuentes m\u00e1s importantes para acercarnos a las culturas [&hellip;]<\/p>\n","protected":false},"author":1,"featured_media":28683,"comment_status":"open","ping_status":"closed","sticky":false,"template":"","format":"standard","meta":{"footnotes":""},"categories":[2],"tags":[],"class_list":["post-28681","post","type-post","status-publish","format-standard","has-post-thumbnail","hentry","category-nacional"],"_links":{"self":[{"href":"https:\/\/solidaridadnews.com\/index.php?rest_route=\/wp\/v2\/posts\/28681","targetHints":{"allow":["GET"]}}],"collection":[{"href":"https:\/\/solidaridadnews.com\/index.php?rest_route=\/wp\/v2\/posts"}],"about":[{"href":"https:\/\/solidaridadnews.com\/index.php?rest_route=\/wp\/v2\/types\/post"}],"author":[{"embeddable":true,"href":"https:\/\/solidaridadnews.com\/index.php?rest_route=\/wp\/v2\/users\/1"}],"replies":[{"embeddable":true,"href":"https:\/\/solidaridadnews.com\/index.php?rest_route=%2Fwp%2Fv2%2Fcomments&post=28681"}],"version-history":[{"count":1,"href":"https:\/\/solidaridadnews.com\/index.php?rest_route=\/wp\/v2\/posts\/28681\/revisions"}],"predecessor-version":[{"id":28682,"href":"https:\/\/solidaridadnews.com\/index.php?rest_route=\/wp\/v2\/posts\/28681\/revisions\/28682"}],"wp:featuredmedia":[{"embeddable":true,"href":"https:\/\/solidaridadnews.com\/index.php?rest_route=\/wp\/v2\/media\/28683"}],"wp:attachment":[{"href":"https:\/\/solidaridadnews.com\/index.php?rest_route=%2Fwp%2Fv2%2Fmedia&parent=28681"}],"wp:term":[{"taxonomy":"category","embeddable":true,"href":"https:\/\/solidaridadnews.com\/index.php?rest_route=%2Fwp%2Fv2%2Fcategories&post=28681"},{"taxonomy":"post_tag","embeddable":true,"href":"https:\/\/solidaridadnews.com\/index.php?rest_route=%2Fwp%2Fv2%2Ftags&post=28681"}],"curies":[{"name":"wp","href":"https:\/\/api.w.org\/{rel}","templated":true}]}}