{"id":28669,"date":"2023-08-25T14:00:52","date_gmt":"2023-08-25T19:00:52","guid":{"rendered":"https:\/\/solidaridadnews.com\/?p=28669"},"modified":"2023-08-25T19:00:53","modified_gmt":"2023-08-25T19:00:53","slug":"cfe-cortara-el-suministro-electrico-en-varias-colonias-de-playa-del-carmen-incluida-villas-del-sol","status":"publish","type":"post","link":"https:\/\/solidaridadnews.com\/?p=28669","title":{"rendered":"CFE cortar\u00e1 el suministro el\u00e9ctrico en varias colonias de Playa del Carmen, incluida Villas del Sol"},"content":{"rendered":"<p>La Comisi\u00f3n Federal de Electricidad (CFE) anunci\u00f3 que este viernes 25 de agosto se llevar\u00e1 a cabo una suspensi\u00f3n programada del suministro el\u00e9ctrico. Son varias las colonias afectadas, incluida Villas del Sol, la m\u00e1s poblada en todo Playa del Carmen.<\/p>\n<p>De acuerdo con la dependencia, la suspensi\u00f3n es para realizar trabajos de mantenimiento esenciales para mejorar la infraestructura el\u00e9ctrica.<\/p>\n<p>La suspensi\u00f3n del suministro de energ\u00eda el\u00e9ctrica ser\u00e1 de las 6:00 am a las 2:00 pm de este mismo viernes 25 de agosto.<\/p>\n<p>Seg\u00fan lo informado por la dependencia, las colonias de Playa del Carmen afectadas por el corte de energ\u00eda programado ser\u00e1n Ejido Norte, Ejido Sur, Bellavista, Villas del Sol, Pescadores, fraccionamiento El Ed\u00e9n, as\u00ed como la zona comprendida entre la Prolongaci\u00f3n Benito Ju\u00e1rez desde la calle 85 hasta la avenida 140.<\/p>\n<p>Cabe resaltar que debido a este corte de energ\u00eda tambi\u00e9n habr\u00e1 problemas en el suministro de agua en algunas colonias de Solidaridad. Podr\u00eda haber baja presi\u00f3n o falta del l\u00edquido.<\/p>\n<p>Esta suspensi\u00f3n del suministro el\u00e9ctrico programada se suma a los m\u00faltiples apagones vividos en Playa del Carmen en las \u00faltimas semanas, que causaron fuertes p\u00e9rdidas a los comercios y que incluso provocaron da\u00f1os en los aparatos de negocios y viviendas.<\/p>\n","protected":false},"excerpt":{"rendered":"<p>La Comisi\u00f3n Federal de Electricidad (CFE) anunci\u00f3 que este viernes 25 de agosto se llevar\u00e1 a cabo una suspensi\u00f3n programada del suministro el\u00e9ctrico. Son varias las colonias afectadas, incluida Villas del Sol, la m\u00e1s poblada en todo Playa del Carmen. De acuerdo con la dependencia, la suspensi\u00f3n es para realizar trabajos de mantenimiento esenciales para [&hellip;]<\/p>\n","protected":false},"author":1,"featured_media":28671,"comment_status":"open","ping_status":"closed","sticky":false,"template":"","format":"standard","meta":{"footnotes":""},"categories":[4],"tags":[],"class_list":["post-28669","post","type-post","status-publish","format-standard","has-post-thumbnail","hentry","category-local"],"_links":{"self":[{"href":"https:\/\/solidaridadnews.com\/index.php?rest_route=\/wp\/v2\/posts\/28669","targetHints":{"allow":["GET"]}}],"collection":[{"href":"https:\/\/solidaridadnews.com\/index.php?rest_route=\/wp\/v2\/posts"}],"about":[{"href":"https:\/\/solidaridadnews.com\/index.php?rest_route=\/wp\/v2\/types\/post"}],"author":[{"embeddable":true,"href":"https:\/\/solidaridadnews.com\/index.php?rest_route=\/wp\/v2\/users\/1"}],"replies":[{"embeddable":true,"href":"https:\/\/solidaridadnews.com\/index.php?rest_route=%2Fwp%2Fv2%2Fcomments&post=28669"}],"version-history":[{"count":1,"href":"https:\/\/solidaridadnews.com\/index.php?rest_route=\/wp\/v2\/posts\/28669\/revisions"}],"predecessor-version":[{"id":28670,"href":"https:\/\/solidaridadnews.com\/index.php?rest_route=\/wp\/v2\/posts\/28669\/revisions\/28670"}],"wp:featuredmedia":[{"embeddable":true,"href":"https:\/\/solidaridadnews.com\/index.php?rest_route=\/wp\/v2\/media\/28671"}],"wp:attachment":[{"href":"https:\/\/solidaridadnews.com\/index.php?rest_route=%2Fwp%2Fv2%2Fmedia&parent=28669"}],"wp:term":[{"taxonomy":"category","embeddable":true,"href":"https:\/\/solidaridadnews.com\/index.php?rest_route=%2Fwp%2Fv2%2Fcategories&post=28669"},{"taxonomy":"post_tag","embeddable":true,"href":"https:\/\/solidaridadnews.com\/index.php?rest_route=%2Fwp%2Fv2%2Ftags&post=28669"}],"curies":[{"name":"wp","href":"https:\/\/api.w.org\/{rel}","templated":true}]}}