{"id":28618,"date":"2023-08-22T16:28:49","date_gmt":"2023-08-22T21:28:49","guid":{"rendered":"https:\/\/solidaridadnews.com\/?p=28618"},"modified":"2023-08-22T21:28:51","modified_gmt":"2023-08-22T21:28:51","slug":"playa-del-carmen-hombre-se-electrocuta-con-transformador-en-la-quinta-avenida","status":"publish","type":"post","link":"https:\/\/solidaridadnews.com\/?p=28618","title":{"rendered":"Playa del Carmen: Hombre se electrocuta con transformador en la Quinta Avenida"},"content":{"rendered":"<div>\n<div class=\"row m-b-15\">\n<div class=\"col-xs-12 col-sm-12 col-md-12 col-lg-12\">\n<h4 class=\"introduction\" style=\"text-align: center;\">El individuo accidentalmente entr\u00f3 en contacto con un transformador de la CFE cuando realizaba una instalaci\u00f3n el\u00e9ctrica.<\/h4>\n<\/div>\n<\/div>\n<\/div>\n<div class=\"row m-b-25\">\n<div class=\"col-xs-12 col-sm-12 col-md-12 col-lg-12 info-extra-new\">\n<p>Una llamada al 119 activ\u00f3 las alarmas en Playa del Carmen, cuando las autoridades fueron alertadas sobre un\u00a0<strong>hombre electrocutado en la Quinta Avenida<\/strong>.<\/p>\n<p>El incidente tuvo lugar alrededor de las 8:30 de la ma\u00f1ana del 22 de agosto, mientras la v\u00edctima realizaba una instalaci\u00f3n el\u00e9ctrica en un local de la calle 2 Norte.<\/p>\n<p>Seg\u00fan el primer informe, el individuo accidentalmente entr\u00f3 en contacto con un transformador de la\u00a0<strong>Comisi\u00f3n Federal de Electricidad (CFE)<\/strong>, resultando en una descarga que lo arroj\u00f3 hacia el techo. Los bomberos se movilizaron r\u00e1pidamente para su rescate.<\/p>\n<p>Aunque el estado de salud del afectado permanece desconocido, fuentes extraoficiales se\u00f1alan que fue trasladado a un hospital para recibir atenci\u00f3n especializada.<\/p>\n<p>Este incidente subraya la importancia de la\u00a0<strong>precauci\u00f3n al trabajar con electricidad<\/strong>. Las autoridades exhortan a la ciudadan\u00eda a evitar descuidos que puedan tener consecuencias devastadoras.<\/p>\n<p>Expertos explican que en casos de electrocuci\u00f3n, cuando la corriente afecta la regi\u00f3n tor\u00e1cica, se produce una tetanizaci\u00f3n instant\u00e1nea del diafragma, paralizando los pulmones y la capacidad de respirar.<\/p>\n<\/div>\n<\/div>\n","protected":false},"excerpt":{"rendered":"<p>El individuo accidentalmente entr\u00f3 en contacto con un transformador de la CFE cuando realizaba una instalaci\u00f3n el\u00e9ctrica. Una llamada al 119 activ\u00f3 las alarmas en Playa del Carmen, cuando las autoridades fueron alertadas sobre un\u00a0hombre electrocutado en la Quinta Avenida. El incidente tuvo lugar alrededor de las 8:30 de la ma\u00f1ana del 22 de agosto, [&hellip;]<\/p>\n","protected":false},"author":1,"featured_media":28620,"comment_status":"open","ping_status":"closed","sticky":false,"template":"","format":"standard","meta":{"footnotes":""},"categories":[4],"tags":[],"class_list":["post-28618","post","type-post","status-publish","format-standard","has-post-thumbnail","hentry","category-local"],"_links":{"self":[{"href":"https:\/\/solidaridadnews.com\/index.php?rest_route=\/wp\/v2\/posts\/28618","targetHints":{"allow":["GET"]}}],"collection":[{"href":"https:\/\/solidaridadnews.com\/index.php?rest_route=\/wp\/v2\/posts"}],"about":[{"href":"https:\/\/solidaridadnews.com\/index.php?rest_route=\/wp\/v2\/types\/post"}],"author":[{"embeddable":true,"href":"https:\/\/solidaridadnews.com\/index.php?rest_route=\/wp\/v2\/users\/1"}],"replies":[{"embeddable":true,"href":"https:\/\/solidaridadnews.com\/index.php?rest_route=%2Fwp%2Fv2%2Fcomments&post=28618"}],"version-history":[{"count":1,"href":"https:\/\/solidaridadnews.com\/index.php?rest_route=\/wp\/v2\/posts\/28618\/revisions"}],"predecessor-version":[{"id":28619,"href":"https:\/\/solidaridadnews.com\/index.php?rest_route=\/wp\/v2\/posts\/28618\/revisions\/28619"}],"wp:featuredmedia":[{"embeddable":true,"href":"https:\/\/solidaridadnews.com\/index.php?rest_route=\/wp\/v2\/media\/28620"}],"wp:attachment":[{"href":"https:\/\/solidaridadnews.com\/index.php?rest_route=%2Fwp%2Fv2%2Fmedia&parent=28618"}],"wp:term":[{"taxonomy":"category","embeddable":true,"href":"https:\/\/solidaridadnews.com\/index.php?rest_route=%2Fwp%2Fv2%2Fcategories&post=28618"},{"taxonomy":"post_tag","embeddable":true,"href":"https:\/\/solidaridadnews.com\/index.php?rest_route=%2Fwp%2Fv2%2Ftags&post=28618"}],"curies":[{"name":"wp","href":"https:\/\/api.w.org\/{rel}","templated":true}]}}