{"id":28591,"date":"2023-08-21T16:05:41","date_gmt":"2023-08-21T21:05:41","guid":{"rendered":"https:\/\/solidaridadnews.com\/?p=28591"},"modified":"2023-08-21T21:05:43","modified_gmt":"2023-08-21T21:05:43","slug":"alejandro-fernandez-presento-lo-mejor-de-su-repertorio-en-la-riviera-maya","status":"publish","type":"post","link":"https:\/\/solidaridadnews.com\/?p=28591","title":{"rendered":"Alejandro Fern\u00e1ndez present\u00f3 lo mejor de su repertorio en la Riviera Maya"},"content":{"rendered":"<div class=\"single-blog-content mt-30\">\n<h4 style=\"text-align: center;\">El int\u00e9rprete ofreci\u00f3 un concierto en el campo de golf El Camale\u00f3n ante 5 mil personas<\/h4>\n<p>El cantante Alejandro Fern\u00e1ndez se present\u00f3 la noche del s\u00e1bado 19 de agosto en Mayakoba, en la Riviera Maya, donde interpret\u00f3 sus \u00e9xitos m\u00e1s representativos y lo m\u00e1s reciente de su repertorio. Este concierto inicia una serie de presentaciones de reconocidos artistas en el complejo tur\u00edstico, que incluye a Ricky Martin en septiembre y Luis Miguel en diciembre.<\/p>\n<p>Como parte de su gira 2023, titulada Hecho en M\u00e9xico, el int\u00e9rprete mexicano lleg\u00f3 al escenario del campo de golf El Camale\u00f3n, donde alrededor de cinco mil personas lo esperaban expectantes. Previo a la presentaci\u00f3n del Potrillo, el artista local Omar Terrazas ofreci\u00f3 una selecci\u00f3n de covers que son parte de su nueva propuesta musical.<\/p>\n<p>En punto de las 22:30 horas el mariachi inici\u00f3 con las primeras notas de lo que fue un recorrido por los temas m\u00e1s representativos de Fern\u00e1ndez, desde el inicio de su carrera, como\u00a0<i>Me dediqu\u00e9 a perderte<\/i>\u00a0o\u00a0<i>Como quien pierde una estrella<\/i>\u00a0hasta sus m\u00e1s recientes colaboraciones como la que hizo con Natanael Cano, titulada\u00a0<i>Amor tumbado<\/i>\u00a0o\u00a0<i>Felicidades<\/i>, que grab\u00f3 con Grupo Firme.<\/p>\n<p>El p\u00fablico core\u00f3 cada canci\u00f3n del Potrillo, quien se dijo emocionado de cantar por primera vez en Playa del Carmen y agradeci\u00f3 el recibimiento de los presentes. Mencion\u00f3 que cada dos o tres meses est\u00e1 publicando temas in\u00e9ditos en sus redes sociales, varios de ellos colaboraciones con artistas nuevos del g\u00e9nero regional mexicano.<\/p>\n<p>Tras dos horas de concierto, Alejandro Fern\u00e1ndez cerr\u00f3 su presentaci\u00f3n con un popurr\u00ed en honor de su padre, Vicente Fern\u00e1ndez, que incluy\u00f3 temas como\u00a0<i>Volver<\/i>,\u00a0<i>El rey<\/i>\u00a0o\u00a0<i>Estos celos<\/i>. Tambi\u00e9n dedic\u00f3 a su madre el tema\u00a0<i>Nube viajera<\/i>.<\/p>\n<p>Los organizadores del espect\u00e1culo mencionaron que el desfile de artistas por las instalaciones de Mayakoba seguir\u00e1 el pr\u00f3ximo 16 de septiembre con Ricky Martin y su tour Sinf\u00f3nico y Luis Miguel el 31 de diciembre, para recibir el a\u00f1o nuevo. Con ello se busca consolidar a la Riviera Maya como un destino de eventos musicales.<\/p>\n<\/div>\n","protected":false},"excerpt":{"rendered":"<p>El int\u00e9rprete ofreci\u00f3 un concierto en el campo de golf El Camale\u00f3n ante 5 mil personas El cantante Alejandro Fern\u00e1ndez se present\u00f3 la noche del s\u00e1bado 19 de agosto en Mayakoba, en la Riviera Maya, donde interpret\u00f3 sus \u00e9xitos m\u00e1s representativos y lo m\u00e1s reciente de su repertorio. Este concierto inicia una serie de presentaciones [&hellip;]<\/p>\n","protected":false},"author":1,"featured_media":28593,"comment_status":"open","ping_status":"closed","sticky":false,"template":"","format":"standard","meta":{"footnotes":""},"categories":[4],"tags":[],"class_list":["post-28591","post","type-post","status-publish","format-standard","has-post-thumbnail","hentry","category-local"],"_links":{"self":[{"href":"https:\/\/solidaridadnews.com\/index.php?rest_route=\/wp\/v2\/posts\/28591","targetHints":{"allow":["GET"]}}],"collection":[{"href":"https:\/\/solidaridadnews.com\/index.php?rest_route=\/wp\/v2\/posts"}],"about":[{"href":"https:\/\/solidaridadnews.com\/index.php?rest_route=\/wp\/v2\/types\/post"}],"author":[{"embeddable":true,"href":"https:\/\/solidaridadnews.com\/index.php?rest_route=\/wp\/v2\/users\/1"}],"replies":[{"embeddable":true,"href":"https:\/\/solidaridadnews.com\/index.php?rest_route=%2Fwp%2Fv2%2Fcomments&post=28591"}],"version-history":[{"count":1,"href":"https:\/\/solidaridadnews.com\/index.php?rest_route=\/wp\/v2\/posts\/28591\/revisions"}],"predecessor-version":[{"id":28592,"href":"https:\/\/solidaridadnews.com\/index.php?rest_route=\/wp\/v2\/posts\/28591\/revisions\/28592"}],"wp:featuredmedia":[{"embeddable":true,"href":"https:\/\/solidaridadnews.com\/index.php?rest_route=\/wp\/v2\/media\/28593"}],"wp:attachment":[{"href":"https:\/\/solidaridadnews.com\/index.php?rest_route=%2Fwp%2Fv2%2Fmedia&parent=28591"}],"wp:term":[{"taxonomy":"category","embeddable":true,"href":"https:\/\/solidaridadnews.com\/index.php?rest_route=%2Fwp%2Fv2%2Fcategories&post=28591"},{"taxonomy":"post_tag","embeddable":true,"href":"https:\/\/solidaridadnews.com\/index.php?rest_route=%2Fwp%2Fv2%2Ftags&post=28591"}],"curies":[{"name":"wp","href":"https:\/\/api.w.org\/{rel}","templated":true}]}}