{"id":28564,"date":"2023-08-19T16:40:54","date_gmt":"2023-08-19T21:40:54","guid":{"rendered":"https:\/\/solidaridadnews.com\/?p=28564"},"modified":"2023-08-19T21:41:03","modified_gmt":"2023-08-19T21:41:03","slug":"en-donde-esta-la-enigmatica-piramide-doble-de-mexico","status":"publish","type":"post","link":"https:\/\/solidaridadnews.com\/?p=28564","title":{"rendered":"\u00bfEn d\u00f3nde est\u00e1 la enigm\u00e1tica pir\u00e1mide doble de M\u00e9xico?"},"content":{"rendered":"<div class=\"newsfull__excerpt\">\n<h4 style=\"text-align: center;\">Mirar de cerca la pir\u00e1mide doble de M\u00e9xico es una experiencia inolvidable, te recomendamos llevar tu mejor c\u00e1mara<\/h4>\n<\/div>\n<div class=\"newsfull__line\">\n<div class=\"newsfull__author--media\">\n<p>Para conocer la<strong>\u00a0pir\u00e1mide doble de M\u00e9xico<\/strong>\u00a0debes viajar a un rinc\u00f3n lleno de historia y maravillas naturales, espec\u00edficamente a la zona arqueol\u00f3gica de Moral-Reforma en Balanc\u00e1n,\u00a0Tabasco.<\/p>\n<div class=\"banner hide--mobile\">\n<p>En un tiempo de esplendor, esta regi\u00f3n alberg\u00f3 una pr\u00f3spera ciudad maya que se erigi\u00f3 junto al r\u00edo San Pedro M\u00e1rtir, trazando su esencia a lo largo de sus aguas ribere\u00f1as.<\/p>\n<h2>Descubre el enigma de la pir\u00e1mide doble de M\u00e9xico<\/h2>\n<p>El municipio de Balanc\u00e1n es donde se alza la majestuosa<strong>\u00a0pir\u00e1mide doble de M\u00e9xico<\/strong>, testigo silencioso de antiguos rituales ceremoniales.<\/p>\n<div class=\"banner hide--mobile\">\n<p>Este colosal edificio, construido con meticulosa destreza, asume un lugar preeminente entre las estructuras de la zona.<\/p>\n<p>Tanto as\u00ed que, el\u00a0Instituto Nacional de Antropolog\u00eda e Historia (INAH)\u00a0revela que las piedras de s\u00edlex y caliza fueron fusionadas con morteros de cal, demostrando la habilidad t\u00e9cnica de los antiguos constructores.<\/p>\n<p>La singularidad de su dise\u00f1o apunta hacia un prop\u00f3sito ceremonial<\/p>\n<h2>\u00bfQu\u00e9 hacer en el destino donde est\u00e1 la pir\u00e1mide doble de M\u00e9xico?<\/h2>\n<div>\n<p>Alrededor de Balanc\u00e1n, hogar de la\u00a0<strong>pir\u00e1mide doble de M\u00e9xico<\/strong>, se despliega un tesoro de riquezas naturales.<\/p>\n<p>Un ejemplo de ello es el santuario de girasoles, que pinta un paisaje inolvidable, regalando una vista que cautiva los sentidos.<\/p>\n<p>Las Cascadas de Reforma, una reserva natural cercana, emerge como un deleite para los aventureros.<\/p>\n<p>Las cascadas y pozas naturales invitan a sumergirse en sus aguas, ya sea para nadar o\u00a0disfrutar del kayak\u00a0y los paseos en lancha.<\/p>\n<p>Estas aguas pr\u00edstinas y v\u00edrgenes ofrecen un escape refrescante en medio de la naturaleza exuberante.<\/p>\n<p>En este lugar donde el misterio arqueol\u00f3gico se entrelaza con la vitalidad natural, esta gran estructura\u00a0permanece como un testimonio vivo del pasado y un faro que atrae a los curiosos y los amantes de la historia.<\/p>\n<\/div>\n<\/div>\n<\/div>\n<\/div>\n<\/div>\n","protected":false},"excerpt":{"rendered":"<p>Mirar de cerca la pir\u00e1mide doble de M\u00e9xico es una experiencia inolvidable, te recomendamos llevar tu mejor c\u00e1mara Para conocer la\u00a0pir\u00e1mide doble de M\u00e9xico\u00a0debes viajar a un rinc\u00f3n lleno de historia y maravillas naturales, espec\u00edficamente a la zona arqueol\u00f3gica de Moral-Reforma en Balanc\u00e1n,\u00a0Tabasco. En un tiempo de esplendor, esta regi\u00f3n alberg\u00f3 una pr\u00f3spera ciudad maya [&hellip;]<\/p>\n","protected":false},"author":1,"featured_media":28566,"comment_status":"open","ping_status":"closed","sticky":false,"template":"","format":"standard","meta":{"footnotes":""},"categories":[2],"tags":[],"class_list":["post-28564","post","type-post","status-publish","format-standard","has-post-thumbnail","hentry","category-nacional"],"_links":{"self":[{"href":"https:\/\/solidaridadnews.com\/index.php?rest_route=\/wp\/v2\/posts\/28564","targetHints":{"allow":["GET"]}}],"collection":[{"href":"https:\/\/solidaridadnews.com\/index.php?rest_route=\/wp\/v2\/posts"}],"about":[{"href":"https:\/\/solidaridadnews.com\/index.php?rest_route=\/wp\/v2\/types\/post"}],"author":[{"embeddable":true,"href":"https:\/\/solidaridadnews.com\/index.php?rest_route=\/wp\/v2\/users\/1"}],"replies":[{"embeddable":true,"href":"https:\/\/solidaridadnews.com\/index.php?rest_route=%2Fwp%2Fv2%2Fcomments&post=28564"}],"version-history":[{"count":1,"href":"https:\/\/solidaridadnews.com\/index.php?rest_route=\/wp\/v2\/posts\/28564\/revisions"}],"predecessor-version":[{"id":28565,"href":"https:\/\/solidaridadnews.com\/index.php?rest_route=\/wp\/v2\/posts\/28564\/revisions\/28565"}],"wp:featuredmedia":[{"embeddable":true,"href":"https:\/\/solidaridadnews.com\/index.php?rest_route=\/wp\/v2\/media\/28566"}],"wp:attachment":[{"href":"https:\/\/solidaridadnews.com\/index.php?rest_route=%2Fwp%2Fv2%2Fmedia&parent=28564"}],"wp:term":[{"taxonomy":"category","embeddable":true,"href":"https:\/\/solidaridadnews.com\/index.php?rest_route=%2Fwp%2Fv2%2Fcategories&post=28564"},{"taxonomy":"post_tag","embeddable":true,"href":"https:\/\/solidaridadnews.com\/index.php?rest_route=%2Fwp%2Fv2%2Ftags&post=28564"}],"curies":[{"name":"wp","href":"https:\/\/api.w.org\/{rel}","templated":true}]}}