{"id":28558,"date":"2023-08-19T16:27:09","date_gmt":"2023-08-19T21:27:09","guid":{"rendered":"https:\/\/solidaridadnews.com\/?p=28558"},"modified":"2023-08-19T21:27:11","modified_gmt":"2023-08-19T21:27:11","slug":"planetario-sayab-de-playa-del-carmen-se-prepara-para-eclipse-solar","status":"publish","type":"post","link":"https:\/\/solidaridadnews.com\/?p=28558","title":{"rendered":"Planetario Sayab de Playa del Carmen se prepara para eclipse solar"},"content":{"rendered":"<div>\n<div class=\"row m-b-15\">\n<div class=\"col-xs-12 col-sm-12 col-md-12 col-lg-12\">\n<h4 class=\"introduction\" style=\"text-align: center;\">Encargados han ofrecido pl\u00e1ticas sobre el fen\u00f3meno que se presentar\u00e1 el 14 de octubre.<\/h4>\n<\/div>\n<\/div>\n<\/div>\n<div class=\"row m-b-25\">\n<div class=\"col-xs-12 col-sm-12 col-md-12 col-lg-12 info-extra-new\">\n<p>El\u00a0<strong>planetario Sayab de Playa del Carmen<\/strong>\u00a0se prepara para apreciar el eclipse anular sola del pr\u00f3ximo\u00a0<strong>14 de octubre<\/strong>, el cual tendr\u00e1 su mejor apreciaci\u00f3n en la Pen\u00ednsula de Yucat\u00e1n.<\/p>\n<p>Crist\u00f3bal Carri\u00f3n, director del recinto cient\u00edfico, mencion\u00f3 que han estado ofreciendo charlas a la poblaci\u00f3n sobre este fen\u00f3meno. Adelant\u00f3 que el eclipse comenzar\u00e1 cerca del mediod\u00eda del\u00a0<strong>s\u00e1bado 14 de octubre<\/strong>.<\/p>\n<div class=\"google-auto-placed ap_container\">\n<blockquote><p>\u201cDesde hace algunos meses hemos venido promoviendo las actividades de observaci\u00f3n e informando sobre los dispositivos con los que se puede observar (&#8230;) Estamos promoviendo la observaci\u00f3n en todo Quintana Roo porque en cada uno de los cuatro planetarios vamos a tener actividades para promover esta observaci\u00f3n\u201d, mencion\u00f3.<\/p><\/blockquote>\n<div id=\"div-gpt-ad-inread-64e0380e51bb7e0014f9863b\" data-name=\"inread\" data-size=\"[[336,250], [300,250]]\" data-google-query-id=\"CPD5pb7U6YADFc2hWgUdbFMBRA\">\n<div id=\"google_ads_iframe_\/4334274\/inread_0__container__\"><\/div>\n<\/div>\n<p>Para ese d\u00eda, al ser un eclipse anular,\u00a0<strong>Quintana Roo<\/strong>\u00a0no se oscurecer\u00e1 por completo, como ocurre con un eclipse total, sin embargo, ser\u00e1 un fen\u00f3meno natural que analizar\u00e1n los cient\u00edficos.<\/p>\n<blockquote><p>\u201cAqu\u00ed en el estado de Quintana Roo vamos a ser afortunados de poder ver un eclipse solar anular en este a\u00f1o 2023, justamente para el 14 de octubre. Vamos a estar en la posici\u00f3n de poderlo observar (&#8230;) es un eclipse solar anular, que el sol no se va a cubrir completamente y que se quedar\u00e1 una peque\u00f1a fracci\u00f3n alrededor de la luna y por eso no se va a oscurecer del todo\u201d, explic\u00f3 Crist\u00f3bal Carri\u00f3n.<\/p><\/blockquote>\n<p>Sobre la manera de\u00a0<strong>observar este fen\u00f3meno<\/strong>, mencion\u00f3 que han estado informando a la poblaci\u00f3n qu\u00e9 tipo de artefacto pueden utilizar para poder apreciar el eclipse.<\/p>\n<blockquote><p>\u201cSe tienen que utilizar lentes especiales con filtros especiales. Se pueden acercar a los planetarios (&#8230;) no mirar directamente\u201d.<\/p><\/blockquote>\n<div id=\"div-gpt-ad-inread-2-64e0380e51bb7e0014f9863b\" data-name=\"inread\" data-size=\"[[336,250], [300,250]]\" data-google-query-id=\"CPKP4b7U6YADFYWEWgUdg7YMPA\">\n<p>Ser\u00e1 en el sur del estado donde se observar\u00e1 con mayor precisi\u00f3n el eclipse, principalmente en\u00a0<strong>Chetumal y Bacalar<\/strong>.<\/p>\n<p>\u201cVa a ser casi al mediod\u00eda. Comenzar\u00e1 por ah\u00ed de la ma\u00f1ana y tendremos aproximadamente dos horas de observaci\u00f3n. Este fen\u00f3meno se observar\u00e1 mejor en el sur del estado, all\u00e1 en Chetumal, en Bacalar, lo podr\u00e1n apreciar este fen\u00f3meno. En Canc\u00fan, en Playa del Carmen, podremos observar a tres cuartos\u201d, explic\u00f3.<\/p>\n<\/div>\n<\/div>\n<\/div>\n<\/div>\n","protected":false},"excerpt":{"rendered":"<p>Encargados han ofrecido pl\u00e1ticas sobre el fen\u00f3meno que se presentar\u00e1 el 14 de octubre. El\u00a0planetario Sayab de Playa del Carmen\u00a0se prepara para apreciar el eclipse anular sola del pr\u00f3ximo\u00a014 de octubre, el cual tendr\u00e1 su mejor apreciaci\u00f3n en la Pen\u00ednsula de Yucat\u00e1n. Crist\u00f3bal Carri\u00f3n, director del recinto cient\u00edfico, mencion\u00f3 que han estado ofreciendo charlas a [&hellip;]<\/p>\n","protected":false},"author":1,"featured_media":28560,"comment_status":"open","ping_status":"closed","sticky":false,"template":"","format":"standard","meta":{"footnotes":""},"categories":[4],"tags":[],"class_list":["post-28558","post","type-post","status-publish","format-standard","has-post-thumbnail","hentry","category-local"],"_links":{"self":[{"href":"https:\/\/solidaridadnews.com\/index.php?rest_route=\/wp\/v2\/posts\/28558","targetHints":{"allow":["GET"]}}],"collection":[{"href":"https:\/\/solidaridadnews.com\/index.php?rest_route=\/wp\/v2\/posts"}],"about":[{"href":"https:\/\/solidaridadnews.com\/index.php?rest_route=\/wp\/v2\/types\/post"}],"author":[{"embeddable":true,"href":"https:\/\/solidaridadnews.com\/index.php?rest_route=\/wp\/v2\/users\/1"}],"replies":[{"embeddable":true,"href":"https:\/\/solidaridadnews.com\/index.php?rest_route=%2Fwp%2Fv2%2Fcomments&post=28558"}],"version-history":[{"count":1,"href":"https:\/\/solidaridadnews.com\/index.php?rest_route=\/wp\/v2\/posts\/28558\/revisions"}],"predecessor-version":[{"id":28559,"href":"https:\/\/solidaridadnews.com\/index.php?rest_route=\/wp\/v2\/posts\/28558\/revisions\/28559"}],"wp:featuredmedia":[{"embeddable":true,"href":"https:\/\/solidaridadnews.com\/index.php?rest_route=\/wp\/v2\/media\/28560"}],"wp:attachment":[{"href":"https:\/\/solidaridadnews.com\/index.php?rest_route=%2Fwp%2Fv2%2Fmedia&parent=28558"}],"wp:term":[{"taxonomy":"category","embeddable":true,"href":"https:\/\/solidaridadnews.com\/index.php?rest_route=%2Fwp%2Fv2%2Fcategories&post=28558"},{"taxonomy":"post_tag","embeddable":true,"href":"https:\/\/solidaridadnews.com\/index.php?rest_route=%2Fwp%2Fv2%2Ftags&post=28558"}],"curies":[{"name":"wp","href":"https:\/\/api.w.org\/{rel}","templated":true}]}}