{"id":28555,"date":"2023-08-19T16:25:04","date_gmt":"2023-08-19T21:25:04","guid":{"rendered":"https:\/\/solidaridadnews.com\/?p=28555"},"modified":"2023-08-19T21:25:05","modified_gmt":"2023-08-19T21:25:05","slug":"amexme-y-el-ayuntamiento-celebraran-en-conjunto-sus-20-30-aniversarios","status":"publish","type":"post","link":"https:\/\/solidaridadnews.com\/?p=28555","title":{"rendered":"Amexme y el Ayuntamiento celebraran en conjunto sus \u00ab20-30\u00bb aniversarios"},"content":{"rendered":"<p class=\"ql-align-justify\">Amexme celebrara su aniversario n\u00famero 20 junto con el 30 del Ayuntamiento con el foro denominado \u201c<em>20-30<\/em>\u201d, evento que coordinaran junto con las autoridades Municipales, as\u00ed lo inform\u00f3 la Presidenta de las Mujeres Empresarias, en la Riviera Maya, Liliana Bravo Mena.<\/p>\n<p class=\"ql-align-justify\">Explic\u00f3 que el foro se celebrara el d\u00eda 28 agosto en el teatro de la ciudad y el 29 en el hotel Princess con el tema de L\u00edderes empresariales y tecnolog\u00edas en los negocios, y est\u00e1 dirigido al p\u00fablico en general.<\/p>\n<p class=\"ql-align-justify\">Por otra parte, mencion\u00f3 que la temporada de vacaciones de verano no ha sido lo que se esperaba, principalmente porque otros destinos tur\u00edsticos han abierto, adem\u00e1s del tema del d\u00f3lar y la poca afluencia de turismos estadounidense.<\/p>\n","protected":false},"excerpt":{"rendered":"<p>Amexme celebrara su aniversario n\u00famero 20 junto con el 30 del Ayuntamiento con el foro denominado \u201c20-30\u201d, evento que coordinaran junto con las autoridades Municipales, as\u00ed lo inform\u00f3 la Presidenta de las Mujeres Empresarias, en la Riviera Maya, Liliana Bravo Mena. Explic\u00f3 que el foro se celebrara el d\u00eda 28 agosto en el teatro de [&hellip;]<\/p>\n","protected":false},"author":1,"featured_media":28557,"comment_status":"open","ping_status":"closed","sticky":false,"template":"","format":"standard","meta":{"footnotes":""},"categories":[4],"tags":[],"class_list":["post-28555","post","type-post","status-publish","format-standard","has-post-thumbnail","hentry","category-local"],"_links":{"self":[{"href":"https:\/\/solidaridadnews.com\/index.php?rest_route=\/wp\/v2\/posts\/28555","targetHints":{"allow":["GET"]}}],"collection":[{"href":"https:\/\/solidaridadnews.com\/index.php?rest_route=\/wp\/v2\/posts"}],"about":[{"href":"https:\/\/solidaridadnews.com\/index.php?rest_route=\/wp\/v2\/types\/post"}],"author":[{"embeddable":true,"href":"https:\/\/solidaridadnews.com\/index.php?rest_route=\/wp\/v2\/users\/1"}],"replies":[{"embeddable":true,"href":"https:\/\/solidaridadnews.com\/index.php?rest_route=%2Fwp%2Fv2%2Fcomments&post=28555"}],"version-history":[{"count":1,"href":"https:\/\/solidaridadnews.com\/index.php?rest_route=\/wp\/v2\/posts\/28555\/revisions"}],"predecessor-version":[{"id":28556,"href":"https:\/\/solidaridadnews.com\/index.php?rest_route=\/wp\/v2\/posts\/28555\/revisions\/28556"}],"wp:featuredmedia":[{"embeddable":true,"href":"https:\/\/solidaridadnews.com\/index.php?rest_route=\/wp\/v2\/media\/28557"}],"wp:attachment":[{"href":"https:\/\/solidaridadnews.com\/index.php?rest_route=%2Fwp%2Fv2%2Fmedia&parent=28555"}],"wp:term":[{"taxonomy":"category","embeddable":true,"href":"https:\/\/solidaridadnews.com\/index.php?rest_route=%2Fwp%2Fv2%2Fcategories&post=28555"},{"taxonomy":"post_tag","embeddable":true,"href":"https:\/\/solidaridadnews.com\/index.php?rest_route=%2Fwp%2Fv2%2Ftags&post=28555"}],"curies":[{"name":"wp","href":"https:\/\/api.w.org\/{rel}","templated":true}]}}