{"id":28489,"date":"2023-08-15T15:00:06","date_gmt":"2023-08-15T20:00:06","guid":{"rendered":"https:\/\/solidaridadnews.com\/?p=28489"},"modified":"2023-08-14T18:44:40","modified_gmt":"2023-08-14T18:44:40","slug":"el-voley-playa-deporte-protagonista-el-fin-de-semana","status":"publish","type":"post","link":"https:\/\/solidaridadnews.com\/?p=28489","title":{"rendered":"El vol\u00e9y playa, deporte protagonista el fin de semana"},"content":{"rendered":"<h4 class=\"Subtitulo\" style=\"text-align: center;\">Christian Morillo y Sa\u00fal Villa, de Miguelturra, en categor\u00eda masculina y Alba Lim\u00f3n y Araceli Y\u00e9benes, en femenina, consiguieron el primer puesto de la clasificaci\u00f3n.<\/h4>\n<p>El v\u00f3ley playa fue deporte protagonista este fin de semana en Tomelloso. La ciudad deportiva acogi\u00f3 el Campeonato de Feria de esta modalidad, organizado por el Club Voleibol Tomelloso, con la colaboraci\u00f3n del Ayuntamiento de la localidad. Un campeonato en el que participaron deportistas de Miguelturra y Membrilla, as\u00ed como de Toledo, Casas Ib\u00e1\u00f1ez (Albacete), Sevilla y Extremadura, adem\u00e1s de Tomelloso, donde el club lleva funcionando desde 2012. El evento cont\u00f3 con la presencia de los concejales del equipo de gobierno Antonio Calvo y Carmen L\u00f3pez, que participaron en la entrega de trofeos.<\/p>\n<p>Christian Morillo y Sa\u00fal Villa, de Miguelturra, en categor\u00eda masculina y Alba Lim\u00f3n y Araceli Y\u00e9benes, en femenina, consiguieron el primer puesto de la clasificaci\u00f3n. En segundo lugar quedaron los hermanos \u00c1lex y Alonso Mart\u00ednez y Pilar Bri\u00f1as y Ana de la Beldad y en el tercero, Ram\u00f3n Navarro y Jeison Andr\u00e9s Ram\u00edrez y Paula \u00dabeda y Laura Moreno. Hubo tambi\u00e9n campeonato en categor\u00eda mixta, en la que subieron al p\u00f3dium Alba Lim\u00f3n y Christian Morillo, en el primer puesto; Paula \u00dabeda y Ram\u00f3n Navarro, en el segundo y Blanca Cerro y Arturo Toledo, en el tercero.<\/p>\n<p>Los tomelloseros \u00c1lex y Alonso Mart\u00ednez participar\u00e1n en el Campeonato de Espa\u00f1a, que se celebrar\u00e1 en Lorca (Murcia) los d\u00edas 15, 16 y 17 de agostoEl campeonato celebrado este fin de semana, al frente de cuya organizaci\u00f3n han estado Laura G\u00f3mez, Laura Garc\u00eda, Ram\u00f3n Navarro y Pilar Navarro, ha contado tambi\u00e9n con la colaboraci\u00f3n de La Yeguada, Panader\u00eda S\u00e1nchez, Distribuciones Ca\u00f1a Ruiz, Fruter\u00eda La Francisquita y Bodegas Dinast\u00eda, como empresas patrocinadoras.<\/p>\n","protected":false},"excerpt":{"rendered":"<p>Christian Morillo y Sa\u00fal Villa, de Miguelturra, en categor\u00eda masculina y Alba Lim\u00f3n y Araceli Y\u00e9benes, en femenina, consiguieron el primer puesto de la clasificaci\u00f3n. El v\u00f3ley playa fue deporte protagonista este fin de semana en Tomelloso. La ciudad deportiva acogi\u00f3 el Campeonato de Feria de esta modalidad, organizado por el Club Voleibol Tomelloso, con [&hellip;]<\/p>\n","protected":false},"author":1,"featured_media":28491,"comment_status":"open","ping_status":"closed","sticky":false,"template":"","format":"standard","meta":{"footnotes":""},"categories":[4],"tags":[],"class_list":["post-28489","post","type-post","status-publish","format-standard","has-post-thumbnail","hentry","category-local"],"_links":{"self":[{"href":"https:\/\/solidaridadnews.com\/index.php?rest_route=\/wp\/v2\/posts\/28489","targetHints":{"allow":["GET"]}}],"collection":[{"href":"https:\/\/solidaridadnews.com\/index.php?rest_route=\/wp\/v2\/posts"}],"about":[{"href":"https:\/\/solidaridadnews.com\/index.php?rest_route=\/wp\/v2\/types\/post"}],"author":[{"embeddable":true,"href":"https:\/\/solidaridadnews.com\/index.php?rest_route=\/wp\/v2\/users\/1"}],"replies":[{"embeddable":true,"href":"https:\/\/solidaridadnews.com\/index.php?rest_route=%2Fwp%2Fv2%2Fcomments&post=28489"}],"version-history":[{"count":1,"href":"https:\/\/solidaridadnews.com\/index.php?rest_route=\/wp\/v2\/posts\/28489\/revisions"}],"predecessor-version":[{"id":28490,"href":"https:\/\/solidaridadnews.com\/index.php?rest_route=\/wp\/v2\/posts\/28489\/revisions\/28490"}],"wp:featuredmedia":[{"embeddable":true,"href":"https:\/\/solidaridadnews.com\/index.php?rest_route=\/wp\/v2\/media\/28491"}],"wp:attachment":[{"href":"https:\/\/solidaridadnews.com\/index.php?rest_route=%2Fwp%2Fv2%2Fmedia&parent=28489"}],"wp:term":[{"taxonomy":"category","embeddable":true,"href":"https:\/\/solidaridadnews.com\/index.php?rest_route=%2Fwp%2Fv2%2Fcategories&post=28489"},{"taxonomy":"post_tag","embeddable":true,"href":"https:\/\/solidaridadnews.com\/index.php?rest_route=%2Fwp%2Fv2%2Ftags&post=28489"}],"curies":[{"name":"wp","href":"https:\/\/api.w.org\/{rel}","templated":true}]}}