{"id":28474,"date":"2023-08-14T12:20:13","date_gmt":"2023-08-14T17:20:13","guid":{"rendered":"https:\/\/solidaridadnews.com\/?p=28474"},"modified":"2023-08-14T17:20:14","modified_gmt":"2023-08-14T17:20:14","slug":"mara-lezama-gestiona-30-ambulancias-mas-para-quintana-roo","status":"publish","type":"post","link":"https:\/\/solidaridadnews.com\/?p=28474","title":{"rendered":"Mara Lezama gestiona 30 ambulancias m\u00e1s para Quintana Roo"},"content":{"rendered":"<h4 class=\"jeg_post_subtitle\" style=\"text-align: center;\">Este n\u00famero de ambulancias es hist\u00f3rico para el estado.<\/h4>\n<div class=\"jeg_meta_container\">\n<p><strong>Quintana Roo tendr\u00e1 30 nuevas ambulancias para reforzar la infraestructura m\u00e9dica,<\/strong>\u00a0las cuales ser\u00e1n otorgadas gracias a las gestiones de la gobernadora\u00a0Mara Lezama\u00a0ante la Administraci\u00f3n del Patrimonio de la Beneficencia P\u00fablica, a cargo de Adri\u00e1n Ben\u00edtez Ru\u00edz.<\/p>\n<p>En la tercera sesi\u00f3n extraordinaria del Consejo Interno de la Beneficencia P\u00fablica se autoriz\u00f3 el proyecto presentado por\u00a0Mara Lezama, con el que<strong>\u00a0se busca sustituir las ambulancias con a\u00f1os de servicio por nuevas unidades<\/strong>\u00a0que contar\u00e1n con las condiciones necesarias para la atenci\u00f3n a la ciudadan\u00eda.<\/p>\n<p>Ante esto, la mandataria estatal expres\u00f3 que\u00a0<strong>se har\u00e1 justicia social en materia de salud p\u00fablica con equipamiento que tienen un costo de m\u00e1s de 53 millones de pesos<\/strong>; las cuales ser\u00e1n asignadas a la atenci\u00f3n de traslados, as\u00ed como de urgencias b\u00e1sicas, avanzadas y de cuidados intensivos.<\/p>\n<p>La gobernadora Mara Lezama apunt\u00f3 que<strong>\u00a0de esa manera se lograr\u00e1 la transformaci\u00f3n<\/strong>\u00a0que se puso en marcha a trav\u00e9s del Nuevo Acuerdo por el Bienestar y Desarrollo de Quintana Roo, con las alianzas y trabajando en equipo para beneficio de todas y todos.<\/p>\n<p>La mandataria estatal resalt\u00f3 que\u00a0<strong>en Quintana Roo se fortalece la estrategia en materia de salud para alcanzar la justicia social<\/strong>\u00a0en los once municipios\u00a0<strong>con mayor inversi\u00f3n en hospitales, los programas<\/strong>\u00a0de Unidades M\u00e9dicas del Bienestar, las Caravanas de Salud, entre otros.<\/p>\n<p>\u21d2 Cabe resaltar que del 14 al 18 de agosto, las Unidades M\u00e9dicas estar\u00e1n en Dziuch\u00e9, del municipio de Jos\u00e9 Mar\u00eda Morelos, as\u00ed como en la comunidad de Leona Vicario y la colonia Zetina Gasca, de Puerto Morelos; adem\u00e1s de Otilio Monta\u00f1o y Maya Balam, en Oth\u00f3n P. Blanco y Bacalar.<\/p>\n<\/div>\n","protected":false},"excerpt":{"rendered":"<p>Este n\u00famero de ambulancias es hist\u00f3rico para el estado. Quintana Roo tendr\u00e1 30 nuevas ambulancias para reforzar la infraestructura m\u00e9dica,\u00a0las cuales ser\u00e1n otorgadas gracias a las gestiones de la gobernadora\u00a0Mara Lezama\u00a0ante la Administraci\u00f3n del Patrimonio de la Beneficencia P\u00fablica, a cargo de Adri\u00e1n Ben\u00edtez Ru\u00edz. En la tercera sesi\u00f3n extraordinaria del Consejo Interno de la [&hellip;]<\/p>\n","protected":false},"author":1,"featured_media":28476,"comment_status":"open","ping_status":"closed","sticky":false,"template":"","format":"standard","meta":{"footnotes":""},"categories":[4],"tags":[],"class_list":["post-28474","post","type-post","status-publish","format-standard","has-post-thumbnail","hentry","category-local"],"_links":{"self":[{"href":"https:\/\/solidaridadnews.com\/index.php?rest_route=\/wp\/v2\/posts\/28474","targetHints":{"allow":["GET"]}}],"collection":[{"href":"https:\/\/solidaridadnews.com\/index.php?rest_route=\/wp\/v2\/posts"}],"about":[{"href":"https:\/\/solidaridadnews.com\/index.php?rest_route=\/wp\/v2\/types\/post"}],"author":[{"embeddable":true,"href":"https:\/\/solidaridadnews.com\/index.php?rest_route=\/wp\/v2\/users\/1"}],"replies":[{"embeddable":true,"href":"https:\/\/solidaridadnews.com\/index.php?rest_route=%2Fwp%2Fv2%2Fcomments&post=28474"}],"version-history":[{"count":1,"href":"https:\/\/solidaridadnews.com\/index.php?rest_route=\/wp\/v2\/posts\/28474\/revisions"}],"predecessor-version":[{"id":28475,"href":"https:\/\/solidaridadnews.com\/index.php?rest_route=\/wp\/v2\/posts\/28474\/revisions\/28475"}],"wp:featuredmedia":[{"embeddable":true,"href":"https:\/\/solidaridadnews.com\/index.php?rest_route=\/wp\/v2\/media\/28476"}],"wp:attachment":[{"href":"https:\/\/solidaridadnews.com\/index.php?rest_route=%2Fwp%2Fv2%2Fmedia&parent=28474"}],"wp:term":[{"taxonomy":"category","embeddable":true,"href":"https:\/\/solidaridadnews.com\/index.php?rest_route=%2Fwp%2Fv2%2Fcategories&post=28474"},{"taxonomy":"post_tag","embeddable":true,"href":"https:\/\/solidaridadnews.com\/index.php?rest_route=%2Fwp%2Fv2%2Ftags&post=28474"}],"curies":[{"name":"wp","href":"https:\/\/api.w.org\/{rel}","templated":true}]}}