{"id":28462,"date":"2023-08-14T11:12:58","date_gmt":"2023-08-14T16:12:58","guid":{"rendered":"https:\/\/solidaridadnews.com\/?p=28462"},"modified":"2023-08-14T16:12:59","modified_gmt":"2023-08-14T16:12:59","slug":"gobierno-de-solidaridad-invita-a-feria-del-regreso-a-clases","status":"publish","type":"post","link":"https:\/\/solidaridadnews.com\/?p=28462","title":{"rendered":"Gobierno de Solidaridad invita a feria del regreso a clases"},"content":{"rendered":"<p class=\"ql-align-justify\">Para apoyar la econom\u00eda de las familias solidarenses ante el regreso a clases, el gobierno municipal que dirige Lili Campos, a trav\u00e9s de la Secretar\u00eda de Desarrollo Econ\u00f3mico y de Atracci\u00f3n de Inversiones, invita a la Feria de Regreso a Clases 2023, del 16 al 18 de agosto y primero de septiembre.<\/p>\n<p class=\"ql-align-justify\">La Feria tiene como objetivo acercar a la ciudadan\u00eda en un solo punto todo lo referente a \u00fatiles escolares, adem\u00e1s que beneficia con descuentos a padres de familia en la compra de los \u00fatiles escolares.<\/p>\n<p class=\"ql-align-justify\">Se llevar\u00e1 a cabo el mi\u00e9rcoles 16 en el segundo parque de Villas del Sol, jueves 17 en la Unidad Deportiva Luis Donaldo Colosio, viernes 18 en el domo de la alcald\u00eda en Puerto Aventuras y el primero de septiembre en el domo de Nubes Creaci\u00f3n. Todos en en horarios de 10 de la ma\u00f1ana a\u00a06\u00a0de\u00a0la\u00a0tarde.<\/p>\n","protected":false},"excerpt":{"rendered":"<p>Para apoyar la econom\u00eda de las familias solidarenses ante el regreso a clases, el gobierno municipal que dirige Lili Campos, a trav\u00e9s de la Secretar\u00eda de Desarrollo Econ\u00f3mico y de Atracci\u00f3n de Inversiones, invita a la Feria de Regreso a Clases 2023, del 16 al 18 de agosto y primero de septiembre. La Feria tiene [&hellip;]<\/p>\n","protected":false},"author":1,"featured_media":28464,"comment_status":"open","ping_status":"closed","sticky":false,"template":"","format":"standard","meta":{"footnotes":""},"categories":[4],"tags":[],"class_list":["post-28462","post","type-post","status-publish","format-standard","has-post-thumbnail","hentry","category-local"],"_links":{"self":[{"href":"https:\/\/solidaridadnews.com\/index.php?rest_route=\/wp\/v2\/posts\/28462","targetHints":{"allow":["GET"]}}],"collection":[{"href":"https:\/\/solidaridadnews.com\/index.php?rest_route=\/wp\/v2\/posts"}],"about":[{"href":"https:\/\/solidaridadnews.com\/index.php?rest_route=\/wp\/v2\/types\/post"}],"author":[{"embeddable":true,"href":"https:\/\/solidaridadnews.com\/index.php?rest_route=\/wp\/v2\/users\/1"}],"replies":[{"embeddable":true,"href":"https:\/\/solidaridadnews.com\/index.php?rest_route=%2Fwp%2Fv2%2Fcomments&post=28462"}],"version-history":[{"count":1,"href":"https:\/\/solidaridadnews.com\/index.php?rest_route=\/wp\/v2\/posts\/28462\/revisions"}],"predecessor-version":[{"id":28463,"href":"https:\/\/solidaridadnews.com\/index.php?rest_route=\/wp\/v2\/posts\/28462\/revisions\/28463"}],"wp:featuredmedia":[{"embeddable":true,"href":"https:\/\/solidaridadnews.com\/index.php?rest_route=\/wp\/v2\/media\/28464"}],"wp:attachment":[{"href":"https:\/\/solidaridadnews.com\/index.php?rest_route=%2Fwp%2Fv2%2Fmedia&parent=28462"}],"wp:term":[{"taxonomy":"category","embeddable":true,"href":"https:\/\/solidaridadnews.com\/index.php?rest_route=%2Fwp%2Fv2%2Fcategories&post=28462"},{"taxonomy":"post_tag","embeddable":true,"href":"https:\/\/solidaridadnews.com\/index.php?rest_route=%2Fwp%2Fv2%2Ftags&post=28462"}],"curies":[{"name":"wp","href":"https:\/\/api.w.org\/{rel}","templated":true}]}}