{"id":28435,"date":"2023-08-12T09:37:13","date_gmt":"2023-08-12T14:37:13","guid":{"rendered":"https:\/\/solidaridadnews.com\/?p=28435"},"modified":"2023-08-14T14:40:55","modified_gmt":"2023-08-14T14:40:55","slug":"profeco-precios-exorbitantes-de-gasolina-en-cancun-y-playa-del-carmen","status":"publish","type":"post","link":"https:\/\/solidaridadnews.com\/?p=28435","title":{"rendered":"Profeco: precios exorbitantes de gasolina en Canc\u00fan y Playa del Carmen"},"content":{"rendered":"<div>\n<div class=\"row m-b-15\">\n<div class=\"col-xs-12 col-sm-12 col-md-12 col-lg-12\">\n<h4 class=\"introduction\" style=\"text-align: center;\">El costo del barril de petr\u00f3leo en M\u00e9xico tuvo un precio de 79.56 d\u00f3lares.<\/h4>\n<\/div>\n<\/div>\n<\/div>\n<div class=\"row m-b-25\">\n<div class=\"col-xs-12 col-sm-12 col-md-12 col-lg-12 info-extra-new\">\n<p><strong>Canc\u00fan y Playa del Carmen\u00a0<\/strong>registraron los precios m\u00e1s caros en las\u00a0<strong>gasolinas en M\u00e9xico<\/strong>. As\u00ed lo inform\u00f3 el titular de la Procuradur\u00eda Federal del Consumidor (<strong>Profeco<\/strong>), Ricardo Sheffield, este lunes 14 de agosto.<\/p>\n<p>Durante la conferencia de prensa matutina del presidente Andr\u00e9s Manuel L\u00f3pez Obrador, el funcionario dio a conocer que el costo del barril de petr\u00f3leo en M\u00e9xico, con\u00a0<strong>corte del 10 de agosto, tuvo un precio de 79.56 d\u00f3lares<\/strong>, varios pesos menos que el corte anterior.<\/p>\n<p>En cuanto al incentivo fiscal en las tres gasolinas, se debe a que en las \u00faltimas semanas se ha mantenido una tendencia a la baja en los\u00a0<strong>precios internacionales del petr\u00f3leo<\/strong>.<\/p>\n<p>Regular &#8211; $22.51 (IEPS \u2013 52.4%).<br \/>\nPremium &#8211; $24.57 (IEPS \u2013 33.7%).<br \/>\nDi\u00e9sel &#8211; $23.84 \u00a0 (IEPS \u2013 41.9 %).<\/p>\n<h2>Precio de las gasolinas en Quintana Roo<\/h2>\n<p><strong>Regular<\/strong><\/p>\n<p>El titular de la Profeco se\u00f1al\u00f3 a Canc\u00fan por destacar con los precios m\u00e1s caros de la gasolina regular. En este municipio la empresa CorpoGas est\u00e1 cobrando a cada cliente 24.08 pesos promedio, lo que genera 3.15 pesos de ganancia para la gasolinera proveedora de Regular.<\/p>\n<p><strong>Premium<\/strong><\/p>\n<div id=\"div-gpt-ad-inread-3-64da31f551bb7e0014f9830a\" data-name=\"inread\" data-size=\"[[336,250], [300,250]]\" data-google-query-id=\"CIqY--mv3IADFQe7hgod6hMDYA\">\n<p>El municipio de Benito Ju\u00e1rez, volvi\u00f3 a destacar con los precios m\u00e1s altos de la gasolina Premium. Por este combustible de la empresa Pemex el cliente paga 25.37 por litro, obteniendo una ganancia de\u00a0 2.63 pesos.<\/p>\n<div class=\"media-caption\">\n<p><strong>Diesel<\/strong><\/p>\n<p>Para finalizar, Playa del Carmen se consolid\u00f3 con la empresa CorpoGas con los precios m\u00e1s altos de la gasolina Diesel. Por este combustible el cliente paga 25.29 por litro, obteniendo una ganancia de 2.79 pesos.<\/p>\n<\/div>\n<\/div>\n<\/div>\n<\/div>\n","protected":false},"excerpt":{"rendered":"<p>El costo del barril de petr\u00f3leo en M\u00e9xico tuvo un precio de 79.56 d\u00f3lares. Canc\u00fan y Playa del Carmen\u00a0registraron los precios m\u00e1s caros en las\u00a0gasolinas en M\u00e9xico. As\u00ed lo inform\u00f3 el titular de la Procuradur\u00eda Federal del Consumidor (Profeco), Ricardo Sheffield, este lunes 14 de agosto. Durante la conferencia de prensa matutina del presidente Andr\u00e9s [&hellip;]<\/p>\n","protected":false},"author":1,"featured_media":28437,"comment_status":"open","ping_status":"closed","sticky":false,"template":"","format":"standard","meta":{"footnotes":""},"categories":[4],"tags":[],"class_list":["post-28435","post","type-post","status-publish","format-standard","has-post-thumbnail","hentry","category-local"],"_links":{"self":[{"href":"https:\/\/solidaridadnews.com\/index.php?rest_route=\/wp\/v2\/posts\/28435","targetHints":{"allow":["GET"]}}],"collection":[{"href":"https:\/\/solidaridadnews.com\/index.php?rest_route=\/wp\/v2\/posts"}],"about":[{"href":"https:\/\/solidaridadnews.com\/index.php?rest_route=\/wp\/v2\/types\/post"}],"author":[{"embeddable":true,"href":"https:\/\/solidaridadnews.com\/index.php?rest_route=\/wp\/v2\/users\/1"}],"replies":[{"embeddable":true,"href":"https:\/\/solidaridadnews.com\/index.php?rest_route=%2Fwp%2Fv2%2Fcomments&post=28435"}],"version-history":[{"count":1,"href":"https:\/\/solidaridadnews.com\/index.php?rest_route=\/wp\/v2\/posts\/28435\/revisions"}],"predecessor-version":[{"id":28436,"href":"https:\/\/solidaridadnews.com\/index.php?rest_route=\/wp\/v2\/posts\/28435\/revisions\/28436"}],"wp:featuredmedia":[{"embeddable":true,"href":"https:\/\/solidaridadnews.com\/index.php?rest_route=\/wp\/v2\/media\/28437"}],"wp:attachment":[{"href":"https:\/\/solidaridadnews.com\/index.php?rest_route=%2Fwp%2Fv2%2Fmedia&parent=28435"}],"wp:term":[{"taxonomy":"category","embeddable":true,"href":"https:\/\/solidaridadnews.com\/index.php?rest_route=%2Fwp%2Fv2%2Fcategories&post=28435"},{"taxonomy":"post_tag","embeddable":true,"href":"https:\/\/solidaridadnews.com\/index.php?rest_route=%2Fwp%2Fv2%2Ftags&post=28435"}],"curies":[{"name":"wp","href":"https:\/\/api.w.org\/{rel}","templated":true}]}}