{"id":28432,"date":"2023-08-12T09:35:14","date_gmt":"2023-08-12T14:35:14","guid":{"rendered":"https:\/\/solidaridadnews.com\/?p=28432"},"modified":"2023-08-14T14:36:24","modified_gmt":"2023-08-14T14:36:24","slug":"gobierno-emite-convocatoria-para-pertenecer-a-hecho-en-playa-del-carmen","status":"publish","type":"post","link":"https:\/\/solidaridadnews.com\/?p=28432","title":{"rendered":"Gobierno emite convocatoria para pertenecer a \u2018Hecho en Playa del Carmen\u2019"},"content":{"rendered":"<ul>\n<li><strong><em>Estar registrados con la marca les dar\u00e1 m\u00e1s beneficios y crecimiento econ\u00f3mico.<\/em><\/strong><\/li>\n<\/ul>\n<p>Se invita a las personas f\u00edsicas y morales a ser parte de \u201cHecho en Playa del Carmen\u201d, para lo cual el gobierno municipal que preside Lili Campos emiti\u00f3 la convocatoria correspondiente.<\/p>\n<p>Para poder hacer uso de la marca \u201cHecho en Playa del Carmen\u201d, cuyo objetivo es reconocer en una sola marca el trabajo que realizan productores, emprendedores, artesanos y empresarios al crear art\u00edculos de calidad, los interesados deben registrarse.<\/p>\n<p>Entre los requisitos est\u00e1n que todos los productos deben pertenecer a las categor\u00edas de marcas registradas en \u201cHecho en Playa del Carmen\u201d, adem\u00e1s de cubrir la tarifa establecida por el Instituto Mexicano de la Propiedad Intelectual, entre otros.<\/p>\n<p>Para mayor informaci\u00f3n, se pueden consultar las redes sociales o acudir a las oficinas ubicadas en el nuevo palacio municipal o al n\u00famero telef\u00f3nico 877 3050 extensi\u00f3n: 100 55, en horario de 10 a 14 horas, de lunes a viernes.<\/p>\n","protected":false},"excerpt":{"rendered":"<p>Estar registrados con la marca les dar\u00e1 m\u00e1s beneficios y crecimiento econ\u00f3mico. Se invita a las personas f\u00edsicas y morales a ser parte de \u201cHecho en Playa del Carmen\u201d, para lo cual el gobierno municipal que preside Lili Campos emiti\u00f3 la convocatoria correspondiente. Para poder hacer uso de la marca \u201cHecho en Playa del Carmen\u201d, [&hellip;]<\/p>\n","protected":false},"author":1,"featured_media":28434,"comment_status":"open","ping_status":"closed","sticky":false,"template":"","format":"standard","meta":{"footnotes":""},"categories":[4],"tags":[],"class_list":["post-28432","post","type-post","status-publish","format-standard","has-post-thumbnail","hentry","category-local"],"_links":{"self":[{"href":"https:\/\/solidaridadnews.com\/index.php?rest_route=\/wp\/v2\/posts\/28432","targetHints":{"allow":["GET"]}}],"collection":[{"href":"https:\/\/solidaridadnews.com\/index.php?rest_route=\/wp\/v2\/posts"}],"about":[{"href":"https:\/\/solidaridadnews.com\/index.php?rest_route=\/wp\/v2\/types\/post"}],"author":[{"embeddable":true,"href":"https:\/\/solidaridadnews.com\/index.php?rest_route=\/wp\/v2\/users\/1"}],"replies":[{"embeddable":true,"href":"https:\/\/solidaridadnews.com\/index.php?rest_route=%2Fwp%2Fv2%2Fcomments&post=28432"}],"version-history":[{"count":1,"href":"https:\/\/solidaridadnews.com\/index.php?rest_route=\/wp\/v2\/posts\/28432\/revisions"}],"predecessor-version":[{"id":28433,"href":"https:\/\/solidaridadnews.com\/index.php?rest_route=\/wp\/v2\/posts\/28432\/revisions\/28433"}],"wp:featuredmedia":[{"embeddable":true,"href":"https:\/\/solidaridadnews.com\/index.php?rest_route=\/wp\/v2\/media\/28434"}],"wp:attachment":[{"href":"https:\/\/solidaridadnews.com\/index.php?rest_route=%2Fwp%2Fv2%2Fmedia&parent=28432"}],"wp:term":[{"taxonomy":"category","embeddable":true,"href":"https:\/\/solidaridadnews.com\/index.php?rest_route=%2Fwp%2Fv2%2Fcategories&post=28432"},{"taxonomy":"post_tag","embeddable":true,"href":"https:\/\/solidaridadnews.com\/index.php?rest_route=%2Fwp%2Fv2%2Ftags&post=28432"}],"curies":[{"name":"wp","href":"https:\/\/api.w.org\/{rel}","templated":true}]}}