{"id":28407,"date":"2023-08-11T15:57:47","date_gmt":"2023-08-11T20:57:47","guid":{"rendered":"https:\/\/solidaridadnews.com\/?p=28407"},"modified":"2023-08-11T20:57:48","modified_gmt":"2023-08-11T20:57:48","slug":"vuelven-a-bloquear-autopista-en-playa-del-carmen-por-apagones","status":"publish","type":"post","link":"https:\/\/solidaridadnews.com\/?p=28407","title":{"rendered":"Vuelven a bloquear autopista en Playa del Carmen, por apagones"},"content":{"rendered":"<p>Por segunda ocasi\u00f3n esta semana, vecinos inconformes de Villas del Sol bloquearon una avenida, la prolongaci\u00f3n Colosio, en protesta por los reiterados apagones que contin\u00faan por cuarta noche consecutiva.<\/p>\n<p>Grupos de ciudadanos arribaron a pie a la intersecci\u00f3n de la Colosio (la autopista a El Tintal) con Lilis, pasadas las 11 de la noche, para interrumpir la circulaci\u00f3n vehicular.<\/p>\n<p>Al poco tiempo de arribar, comenz\u00f3 a llover brevemente, aunque esto no disuadi\u00f3 a estos habitantes, quienes ten\u00edan la esperanza que con la instalaci\u00f3n de un nuevo transformador, ayer, el servicio de electricidad se normalizar\u00eda, pero han tenido que sufrir un nuevo apag\u00f3n hoy desde las 4 de la tarde.<\/p>\n<p>Al poco tiempo, los inconformes trasladaron su bloqueo en la autopista, desde Lilis a Palma Chit, para no estorbar a los trabajadores de la Comisi\u00f3n que efectuaban reparaciones en un registro ubicado en el primer punto.<\/p>\n<p>Al parecer, la CFE hall\u00f3 \u201canomal\u00edas\u201d en sus instalaciones en la avenida CTM, por lo que cort\u00f3 el suministro en el primero y segundo parque de este fraccionamiento.<\/p>\n<p>Hay otros puntos, como Ed\u00e9n y Villas Las Perlas, donde el servicio no ha sido restablecido desde el lunes.<\/p>\n<p>Entre los comentarios de estos inconformes, est\u00e1 el que la CFE solamente tiene a tres especialistas en la ciudad, lo que retrasa la toma de decisiones.<\/p>\n<p>Al lugar llegaron agentes de la Polic\u00eda Municipal, quienes exhortaron a los presentes a mantener su manifestaci\u00f3n de forma pac\u00edfica, antes de quedarse a monitorear la situaci\u00f3n.<\/p>\n","protected":false},"excerpt":{"rendered":"<p>Por segunda ocasi\u00f3n esta semana, vecinos inconformes de Villas del Sol bloquearon una avenida, la prolongaci\u00f3n Colosio, en protesta por los reiterados apagones que contin\u00faan por cuarta noche consecutiva. Grupos de ciudadanos arribaron a pie a la intersecci\u00f3n de la Colosio (la autopista a El Tintal) con Lilis, pasadas las 11 de la noche, para [&hellip;]<\/p>\n","protected":false},"author":1,"featured_media":28409,"comment_status":"open","ping_status":"closed","sticky":false,"template":"","format":"standard","meta":{"footnotes":""},"categories":[4],"tags":[],"class_list":["post-28407","post","type-post","status-publish","format-standard","has-post-thumbnail","hentry","category-local"],"_links":{"self":[{"href":"https:\/\/solidaridadnews.com\/index.php?rest_route=\/wp\/v2\/posts\/28407","targetHints":{"allow":["GET"]}}],"collection":[{"href":"https:\/\/solidaridadnews.com\/index.php?rest_route=\/wp\/v2\/posts"}],"about":[{"href":"https:\/\/solidaridadnews.com\/index.php?rest_route=\/wp\/v2\/types\/post"}],"author":[{"embeddable":true,"href":"https:\/\/solidaridadnews.com\/index.php?rest_route=\/wp\/v2\/users\/1"}],"replies":[{"embeddable":true,"href":"https:\/\/solidaridadnews.com\/index.php?rest_route=%2Fwp%2Fv2%2Fcomments&post=28407"}],"version-history":[{"count":1,"href":"https:\/\/solidaridadnews.com\/index.php?rest_route=\/wp\/v2\/posts\/28407\/revisions"}],"predecessor-version":[{"id":28408,"href":"https:\/\/solidaridadnews.com\/index.php?rest_route=\/wp\/v2\/posts\/28407\/revisions\/28408"}],"wp:featuredmedia":[{"embeddable":true,"href":"https:\/\/solidaridadnews.com\/index.php?rest_route=\/wp\/v2\/media\/28409"}],"wp:attachment":[{"href":"https:\/\/solidaridadnews.com\/index.php?rest_route=%2Fwp%2Fv2%2Fmedia&parent=28407"}],"wp:term":[{"taxonomy":"category","embeddable":true,"href":"https:\/\/solidaridadnews.com\/index.php?rest_route=%2Fwp%2Fv2%2Fcategories&post=28407"},{"taxonomy":"post_tag","embeddable":true,"href":"https:\/\/solidaridadnews.com\/index.php?rest_route=%2Fwp%2Fv2%2Ftags&post=28407"}],"curies":[{"name":"wp","href":"https:\/\/api.w.org\/{rel}","templated":true}]}}