{"id":28404,"date":"2023-08-11T15:55:49","date_gmt":"2023-08-11T20:55:49","guid":{"rendered":"https:\/\/solidaridadnews.com\/?p=28404"},"modified":"2023-08-11T20:55:51","modified_gmt":"2023-08-11T20:55:51","slug":"siguen-los-apagones-de-cfe-en-villas-del-sol","status":"publish","type":"post","link":"https:\/\/solidaridadnews.com\/?p=28404","title":{"rendered":"Siguen los apagones de CFE en Villas del Sol"},"content":{"rendered":"<p>Habitantes de Villas del Sol y otros fraccionamientos colindantes a\u00fan sufren las inconstancias en el suministro el\u00e9ctrico, despu\u00e9s de un apag\u00f3n masivo que dej\u00f3 a gran parte sector norponiente de esta ciudad sin luz durante m\u00e1s de 36 horas, desde el pasado lunes.<\/p>\n<div dir=\"auto\">De acuerdo con vecinos de la zona como en Pescadores y Los Olivos, siguen padeciendo una serie de apagones intermitentes; en algunas partes de Ed\u00e9n, Villas Las Perlas y el final de Villas del Sol, la energ\u00eda todav\u00eda no regresa, a cuatro d\u00edas del primer apag\u00f3n.<\/div>\n<div dir=\"auto\"><\/div>\n<div dir=\"auto\">A pesar de que desde la ma\u00f1ana de ayer el servicio el\u00e9ctrico comenz\u00f3 a restablecerse en algunas \u00e1reas del norponiente de Playa del Carmen, los apagones persisten en forma intermitente en diversos sectores, incluido el primer y segundo parques de Villas del Sol.<\/div>\n<div dir=\"auto\"><\/div>\n<div dir=\"auto\">Cabe recordar que, hasta la tarde-noche de este mi\u00e9rcoles, la Comisi\u00f3n Federal de Electricidad (CFE) realiz\u00f3 la sustituci\u00f3n de un transformador en la colonia Pescadores Dos.<\/div>\n<div dir=\"auto\"><\/div>\n<div dir=\"auto\">Este proceso implic\u00f3 el cambio de un transformador de 6 megavatios por uno de 20 megavatios, una tarea que tom\u00f3 varias horas y que gener\u00f3 nuevos cortes en el suministro mientras se realizaban las labores de instalaci\u00f3n.<\/div>\n<div dir=\"auto\"><\/div>\n<div dir=\"auto\">Hoy, la trabajadores de la CFE han se\u00f1alado en la zona de trabajo, que la verificaci\u00f3n de l\u00edneas y revisi\u00f3n de conexiones contin\u00faa. Adem\u00e1s, se imcrementan gradualmente la carga el\u00e9ctrica, cuidando evitar variaci\u00f3n de voltaje a fin de evitar sobrecarga en aparatos electr\u00f3nicos de los hogares.<\/div>\n<div dir=\"auto\"><\/div>\n<div dir=\"auto\">Las autoridades recomiendan a los vecinos de estas colonias a desconectar equipos electr\u00f3nicos sensibles durante los momentos de interrupci\u00f3n el\u00e9ctrica, hasta que se restablecezca el servicio de manera constante en todas las \u00e1reas afectadas.<\/div>\n","protected":false},"excerpt":{"rendered":"<p>Habitantes de Villas del Sol y otros fraccionamientos colindantes a\u00fan sufren las inconstancias en el suministro el\u00e9ctrico, despu\u00e9s de un apag\u00f3n masivo que dej\u00f3 a gran parte sector norponiente de esta ciudad sin luz durante m\u00e1s de 36 horas, desde el pasado lunes. De acuerdo con vecinos de la zona como en Pescadores y Los [&hellip;]<\/p>\n","protected":false},"author":1,"featured_media":28406,"comment_status":"open","ping_status":"closed","sticky":false,"template":"","format":"standard","meta":{"footnotes":""},"categories":[4],"tags":[],"class_list":["post-28404","post","type-post","status-publish","format-standard","has-post-thumbnail","hentry","category-local"],"_links":{"self":[{"href":"https:\/\/solidaridadnews.com\/index.php?rest_route=\/wp\/v2\/posts\/28404","targetHints":{"allow":["GET"]}}],"collection":[{"href":"https:\/\/solidaridadnews.com\/index.php?rest_route=\/wp\/v2\/posts"}],"about":[{"href":"https:\/\/solidaridadnews.com\/index.php?rest_route=\/wp\/v2\/types\/post"}],"author":[{"embeddable":true,"href":"https:\/\/solidaridadnews.com\/index.php?rest_route=\/wp\/v2\/users\/1"}],"replies":[{"embeddable":true,"href":"https:\/\/solidaridadnews.com\/index.php?rest_route=%2Fwp%2Fv2%2Fcomments&post=28404"}],"version-history":[{"count":1,"href":"https:\/\/solidaridadnews.com\/index.php?rest_route=\/wp\/v2\/posts\/28404\/revisions"}],"predecessor-version":[{"id":28405,"href":"https:\/\/solidaridadnews.com\/index.php?rest_route=\/wp\/v2\/posts\/28404\/revisions\/28405"}],"wp:featuredmedia":[{"embeddable":true,"href":"https:\/\/solidaridadnews.com\/index.php?rest_route=\/wp\/v2\/media\/28406"}],"wp:attachment":[{"href":"https:\/\/solidaridadnews.com\/index.php?rest_route=%2Fwp%2Fv2%2Fmedia&parent=28404"}],"wp:term":[{"taxonomy":"category","embeddable":true,"href":"https:\/\/solidaridadnews.com\/index.php?rest_route=%2Fwp%2Fv2%2Fcategories&post=28404"},{"taxonomy":"post_tag","embeddable":true,"href":"https:\/\/solidaridadnews.com\/index.php?rest_route=%2Fwp%2Fv2%2Ftags&post=28404"}],"curies":[{"name":"wp","href":"https:\/\/api.w.org\/{rel}","templated":true}]}}