{"id":28347,"date":"2023-08-09T15:32:27","date_gmt":"2023-08-09T20:32:27","guid":{"rendered":"https:\/\/solidaridadnews.com\/?p=28347"},"modified":"2023-08-09T20:32:29","modified_gmt":"2023-08-09T20:32:29","slug":"playa-del-carmen-aguakan-presentara-problemas-en-el-servicio-de-agua","status":"publish","type":"post","link":"https:\/\/solidaridadnews.com\/?p=28347","title":{"rendered":"Playa del Carmen: Aguakan presentar\u00e1 problemas en el servicio de agua"},"content":{"rendered":"<div>\n<div class=\"row m-b-15\">\n<div class=\"col-xs-12 col-sm-12 col-md-12 col-lg-12\">\n<h4 class=\"introduction\" style=\"text-align: center;\">El comunicado declar\u00f3 que el servicio dejar\u00e1 de funcionar de 8 de la ma\u00f1ana, hasta las 4 de la tarde del jueves 10, en Solidaridad.<\/h4>\n<\/div>\n<\/div>\n<\/div>\n<div class=\"row m-b-25\">\n<div class=\"col-xs-12 col-sm-12 col-md-12 col-lg-12 info-extra-new\">\n<p>A trav\u00e9s de un comunicado,\u00a0<strong>Aguakan<\/strong>\u00a0se pronunci\u00f3 con respecto al desabasto de agua en diversas zonas del municipio de\u00a0<strong>Solidaridad<\/strong>, a causa de\u00a0<strong>reparaciones de la CFE<\/strong>.<\/p>\n<p>\u2018Con el objetivo de informar oportunamente a sus clientes y a la poblaci\u00f3n en general, Aguakan comunica que ha sido notificada por parte de La Comisi\u00f3n Federal de Electricidad (<strong>CFE<\/strong>), sobre\u00a0<strong>trabajos de mantenimiento a sus redes generales de distribuci\u00f3n<\/strong>\u00a0a realizar el d\u00eda jueves 10 de agosto del 2023 en la zona de captaci\u00f3n, para\u00a0<strong>mejorar el suministro de energ\u00eda el\u00e9ctrica<\/strong>, por lo que el\u00a0<strong>servicio de agua potable se ver\u00e1 afectado<\/strong>\u00a0con baja presi\u00f3n o falta de agua en\u00a0<strong>todo el municipio de Solidaridad<\/strong>\u2019.<\/p>\n<p>De acuerdo con el comunicado, el servicio de agua dejar\u00e1 de funcionar alrededor de las ocho de la ma\u00f1ana, hasta las cuatro de la tarde (hora local).<\/p>\n<blockquote><p><cite>\u2018En tanto estas maniobras se llevan a cabo, los equipos de Aguakan en la zona de captaci\u00f3n se quedar\u00e1n sin energ\u00eda el\u00e9ctrica, raz\u00f3n por la cual no se tendr\u00e1 bombeo a la ciudad. Se estima que la afectaci\u00f3n del servicio inicie a las 08:00 am y concluya alrededor de las 16:00 horas&#8217;.\u00a0<\/cite><\/p>\n<p><cite>&#8216;Por lo anterior, Aguakan recomienda a sus clientes\u00a0<strong>hacer uso racional del agua<\/strong>\u00a0a fin de mitigar esta situaci\u00f3n. En cuanto la CFE concluya sus trabajos, la\u00a0<strong>concesionaria har\u00e1 lo propio para reanudar el servicio<\/strong>&#8216;.\u00a0<\/cite><\/p>\n<div id=\"div-gpt-ad-inread-2-64d3ec8c51bb7e0014f9807d\" data-name=\"inread\" data-size=\"[[336,250], [300,250]]\" data-google-query-id=\"CNestNm10IADFW6MWgUdsRgKIw\">\n<div id=\"google_ads_iframe_\/4334274\/inread_1__container__\"><\/div>\n<\/div>\n<p><cite>AGUAKAN mantiene una postura de di\u00e1logo abierto con la CFE para trabajar de manera coordinada en beneficio de la comunidad, reiterando su prop\u00f3sito de seguir brindando los servicios de agua potable, alcantarillado y saneamiento en atenci\u00f3n a las peticiones de los clientes&#8217;,\u00a0<\/cite>finaliza el comunicado.<cite>\u00a0<\/cite><\/p><\/blockquote>\n<\/div>\n<\/div>\n","protected":false},"excerpt":{"rendered":"<p>El comunicado declar\u00f3 que el servicio dejar\u00e1 de funcionar de 8 de la ma\u00f1ana, hasta las 4 de la tarde del jueves 10, en Solidaridad. A trav\u00e9s de un comunicado,\u00a0Aguakan\u00a0se pronunci\u00f3 con respecto al desabasto de agua en diversas zonas del municipio de\u00a0Solidaridad, a causa de\u00a0reparaciones de la CFE. \u2018Con el objetivo de informar oportunamente [&hellip;]<\/p>\n","protected":false},"author":1,"featured_media":28349,"comment_status":"open","ping_status":"closed","sticky":false,"template":"","format":"standard","meta":{"footnotes":""},"categories":[4],"tags":[],"class_list":["post-28347","post","type-post","status-publish","format-standard","has-post-thumbnail","hentry","category-local"],"_links":{"self":[{"href":"https:\/\/solidaridadnews.com\/index.php?rest_route=\/wp\/v2\/posts\/28347","targetHints":{"allow":["GET"]}}],"collection":[{"href":"https:\/\/solidaridadnews.com\/index.php?rest_route=\/wp\/v2\/posts"}],"about":[{"href":"https:\/\/solidaridadnews.com\/index.php?rest_route=\/wp\/v2\/types\/post"}],"author":[{"embeddable":true,"href":"https:\/\/solidaridadnews.com\/index.php?rest_route=\/wp\/v2\/users\/1"}],"replies":[{"embeddable":true,"href":"https:\/\/solidaridadnews.com\/index.php?rest_route=%2Fwp%2Fv2%2Fcomments&post=28347"}],"version-history":[{"count":1,"href":"https:\/\/solidaridadnews.com\/index.php?rest_route=\/wp\/v2\/posts\/28347\/revisions"}],"predecessor-version":[{"id":28348,"href":"https:\/\/solidaridadnews.com\/index.php?rest_route=\/wp\/v2\/posts\/28347\/revisions\/28348"}],"wp:featuredmedia":[{"embeddable":true,"href":"https:\/\/solidaridadnews.com\/index.php?rest_route=\/wp\/v2\/media\/28349"}],"wp:attachment":[{"href":"https:\/\/solidaridadnews.com\/index.php?rest_route=%2Fwp%2Fv2%2Fmedia&parent=28347"}],"wp:term":[{"taxonomy":"category","embeddable":true,"href":"https:\/\/solidaridadnews.com\/index.php?rest_route=%2Fwp%2Fv2%2Fcategories&post=28347"},{"taxonomy":"post_tag","embeddable":true,"href":"https:\/\/solidaridadnews.com\/index.php?rest_route=%2Fwp%2Fv2%2Ftags&post=28347"}],"curies":[{"name":"wp","href":"https:\/\/api.w.org\/{rel}","templated":true}]}}