{"id":28344,"date":"2023-08-09T15:31:00","date_gmt":"2023-08-09T20:31:00","guid":{"rendered":"https:\/\/solidaridadnews.com\/?p=28344"},"modified":"2023-08-09T20:31:01","modified_gmt":"2023-08-09T20:31:01","slug":"vecinos-bloquean-avenida-tras-apagon-de-casi-24-horas-en-playa-del-carmen","status":"publish","type":"post","link":"https:\/\/solidaridadnews.com\/?p=28344","title":{"rendered":"Vecinos bloquean avenida tras apag\u00f3n de casi 24 horas en Playa del Carmen"},"content":{"rendered":"<div>\n<div class=\"row m-b-15\">\n<div class=\"col-xs-12 col-sm-12 col-md-12 col-lg-12\">\n<h4 class=\"introduction\" style=\"text-align: center;\">Habitantes de Villas del Sol impiden acceso de veh\u00edculos en demanda de una soluci\u00f3n por parte de la CFE.<\/h4>\n<\/div>\n<\/div>\n<\/div>\n<div class=\"row m-b-25\">\n<div class=\"col-xs-12 col-sm-12 col-md-12 col-lg-12 info-extra-new\">\n<p>Cansados tras un apag\u00f3n que los tiene sin energ\u00eda el\u00e9ctrica, vecinos del fraccionamiento\u00a0<strong>Villas del Sol en Playa del Carmen<\/strong>, bloquearon la avenida de entrada en demanda de que la Comisi\u00f3n Federal de Electricidad (CFE) les d\u00e9 una soluci\u00f3n tras casi 24 horas sin luz.<\/p>\n<p>Con pancartas y consignas, los vecinos instalaron bloquearon el acceso a la colonia, impidiendo el paso a todos los veh\u00edculos. Incluso, motociclistas que intentaban cruzar, eran detenidos por los habitantes en medio de gritos e insultos.<\/p>\n<div class=\"media-caption\">\n<p>A la zona se present\u00f3 una patrulla de la polic\u00eda para vigilar que la protesta no pase a mayores.<\/p>\n<p>Asimismo, ante la falta de energ\u00eda el\u00e9ctrica por el apag\u00f3n en Playa del Carmen, provoc\u00f3 caos vial en algunos cruces, como el de la avenida Lilis y CTM.<\/p>\n<h2>Incendio provoc\u00f3 apag\u00f3n en Playa del Carmen<\/h2>\n<div id=\"div-gpt-ad-inread-2-64d2e19451bb7e0014f98023\" data-name=\"inread\" data-size=\"[[336,250], [300,250]]\" data-google-query-id=\"CNzcz8m00IADFeuQWgUdmnwBJQ\">\n<div id=\"google_ads_iframe_\/4334274\/inread_1__container__\"><\/div>\n<\/div>\n<p>Cuatro fraccionamientos de la zona poniente de Playa del Carmen tienen varias horas sin luz, situaci\u00f3n sobre la cual se revel\u00f3 que acuerdo con la CFE,\u00a0el apag\u00f3n se debe a tres incendios en registros de luz, lo que afect\u00f3 a cuatro fraccionamientos de la zona poniente.<\/p>\n<p>Por ello, dijo, personal de la Comisi\u00f3n Federal de Electricidad ya se encuentra trabajando y esperan que en las siguientes horas se restituya el servicio de energ\u00eda el\u00e9ctrica.<\/p>\n<p>El gobierno de Solidaridad ha ofrecido todas las facilidades para agilizar los trabajos y ha mantenido constante comunicaci\u00f3n con autoridades de la Comisi\u00f3n Federal de Electricidad a fin de apoyar en lo que sea necesario y evitar m\u00e1s afectaciones a los hogares solidarenses.<\/p>\n<div id=\"div-gpt-ad-inread-3-64d2e19451bb7e0014f98023\" data-name=\"inread\" data-size=\"[[336,250], [300,250]]\" data-google-query-id=\"CN3cz8m00IADFeuQWgUdmnwBJQ\">\n<div id=\"google_ads_iframe_\/4334274\/inread_2__container__\"><\/div>\n<\/div>\n<\/div>\n<\/div>\n<\/div>\n","protected":false},"excerpt":{"rendered":"<p>Habitantes de Villas del Sol impiden acceso de veh\u00edculos en demanda de una soluci\u00f3n por parte de la CFE. Cansados tras un apag\u00f3n que los tiene sin energ\u00eda el\u00e9ctrica, vecinos del fraccionamiento\u00a0Villas del Sol en Playa del Carmen, bloquearon la avenida de entrada en demanda de que la Comisi\u00f3n Federal de Electricidad (CFE) les d\u00e9 [&hellip;]<\/p>\n","protected":false},"author":1,"featured_media":28346,"comment_status":"open","ping_status":"closed","sticky":false,"template":"","format":"standard","meta":{"footnotes":""},"categories":[4],"tags":[],"class_list":["post-28344","post","type-post","status-publish","format-standard","has-post-thumbnail","hentry","category-local"],"_links":{"self":[{"href":"https:\/\/solidaridadnews.com\/index.php?rest_route=\/wp\/v2\/posts\/28344","targetHints":{"allow":["GET"]}}],"collection":[{"href":"https:\/\/solidaridadnews.com\/index.php?rest_route=\/wp\/v2\/posts"}],"about":[{"href":"https:\/\/solidaridadnews.com\/index.php?rest_route=\/wp\/v2\/types\/post"}],"author":[{"embeddable":true,"href":"https:\/\/solidaridadnews.com\/index.php?rest_route=\/wp\/v2\/users\/1"}],"replies":[{"embeddable":true,"href":"https:\/\/solidaridadnews.com\/index.php?rest_route=%2Fwp%2Fv2%2Fcomments&post=28344"}],"version-history":[{"count":1,"href":"https:\/\/solidaridadnews.com\/index.php?rest_route=\/wp\/v2\/posts\/28344\/revisions"}],"predecessor-version":[{"id":28345,"href":"https:\/\/solidaridadnews.com\/index.php?rest_route=\/wp\/v2\/posts\/28344\/revisions\/28345"}],"wp:featuredmedia":[{"embeddable":true,"href":"https:\/\/solidaridadnews.com\/index.php?rest_route=\/wp\/v2\/media\/28346"}],"wp:attachment":[{"href":"https:\/\/solidaridadnews.com\/index.php?rest_route=%2Fwp%2Fv2%2Fmedia&parent=28344"}],"wp:term":[{"taxonomy":"category","embeddable":true,"href":"https:\/\/solidaridadnews.com\/index.php?rest_route=%2Fwp%2Fv2%2Fcategories&post=28344"},{"taxonomy":"post_tag","embeddable":true,"href":"https:\/\/solidaridadnews.com\/index.php?rest_route=%2Fwp%2Fv2%2Ftags&post=28344"}],"curies":[{"name":"wp","href":"https:\/\/api.w.org\/{rel}","templated":true}]}}