{"id":28320,"date":"2023-08-08T17:17:23","date_gmt":"2023-08-08T22:17:23","guid":{"rendered":"https:\/\/solidaridadnews.com\/?p=28320"},"modified":"2023-08-08T22:17:24","modified_gmt":"2023-08-08T22:17:24","slug":"playa-del-carmen-mototaxis-que-salgan-de-su-perimetro-seran-sancionados","status":"publish","type":"post","link":"https:\/\/solidaridadnews.com\/?p=28320","title":{"rendered":"Playa del Carmen: Mototaxis que salgan de su per\u00edmetro ser\u00e1n sancionados"},"content":{"rendered":"<div>\n<div class=\"row m-b-15\">\n<div class=\"col-xs-12 col-sm-12 col-md-12 col-lg-12\">\n<h4 class=\"introduction\" style=\"text-align: center;\">Autoridades indican que los mototaxistas ya no respetan el acuerdo de operaci\u00f3n.<\/h4>\n<\/div>\n<\/div>\n<\/div>\n<div class=\"row m-b-25\">\n<div class=\"col-xs-12 col-sm-12 col-md-12 col-lg-12 info-extra-new\">\n<p>Tr\u00e1nsito de Playa del Carmen, sancionar\u00e1 a los\u00a0<strong>mototaxis<\/strong>\u00a0que se salgan de su per\u00edmetro para prestar el servicio, luego que se han detectado muchas\u00a0<strong>unidades<\/strong>\u00a0que\u00a0<strong>no han cumplido con el acuerdo de operaci\u00f3n<\/strong>.<\/p>\n<p>Ra\u00fal Tassinari Gonz\u00e1lez,\u00a0<strong>secretario de Seguridad P\u00fablica y Tr\u00e1nsito Municipal,<\/strong>\u00a0mencion\u00f3 que buscan que haya un mejor control de este tipo de unidades que han comenzado a salir de su zona de servicio.<\/p>\n<blockquote><p>\u201cEst\u00e1n saliendo de su pol\u00edgono de trabajo. Hay que recalcar a los sindicatos, transportistas que est\u00e1n utilizando estos medios, no pueden salir de su \u00e1rea su autorizada porque esto conllevar\u00e1 una sanci\u00f3n con Tr\u00e1nsito. Hay que respetar los espacios p\u00fablicos\u201d, dijo Tassinari Gonz\u00e1lez.<\/p><\/blockquote>\n<div id=\"div-gpt-ad-inread-64d17e4b51bb7e0014f97f62\" data-name=\"inread\" data-size=\"[[336,250], [300,250]]\" data-google-query-id=\"COS0s6qLzoADFXepWgUdY-oL1w\">\n<div id=\"google_ads_iframe_\/4334274\/inread_0__container__\"><\/div>\n<\/div>\n<p>Los denominados mototaxis prestan el servicio en la\u00a0<strong>zona de fraccionamientos de Villas del Sol,<\/strong>\u00a0<strong>Misi\u00f3n de las Flores, Palmas, La Guadalupana y El Pet\u00e9n.<\/strong><\/p>\n<h2><strong>\u00bfCu\u00e1ndo inici\u00f3 la operaci\u00f3n de mototaxis?<\/strong><\/h2>\n<p>Estas unidades hicieron su aparici\u00f3n en 2016 en\u00a0<strong>Puerto Aventuras<\/strong>, cuando a\u00fan era una delegaci\u00f3n. En\u00a0<strong>agosto de 2018<\/strong>\u00a0comenzaron a operar en Villas del Sol, lo cual gener\u00f3 un fuerte conflicto con los afiliados al sindicato de taxistas L\u00e1zaro C\u00e1rdenas del R\u00edo.<\/p>\n<p>En este contexto, en muchas unidades de mototaxis se han perpetrado\u00a0<strong>delitos desde robos y hasta homicidios,<\/strong>\u00a0principalmente en el poniente de la ciudad de Playa del Carmen.<\/p>\n<blockquote><p>\u201cSeguimos coordinados con la mesa de seguridad (&#8230;) que conlleva a un trabajo interdisciplinario en C5 a donde nos presentamos y ver los operativo. Esperemos que no vean estos operativos como un acto de molestia, sino de confianza para que puedan deambular en la ciudad\u201d, expres\u00f3 Tassinari Gonz\u00e1lez.<\/p><\/blockquote>\n<div id=\"div-gpt-ad-inread-2-64d17e4b51bb7e0014f97f62\" data-name=\"inread\" data-size=\"[[336,250], [300,250]]\" data-google-query-id=\"COW0s6qLzoADFXepWgUdY-oL1w\">\n<div id=\"google_ads_iframe_\/4334274\/inread_1__container__\"><\/div>\n<\/div>\n<p>En la actualidad estas unidades son verificadas por parte del\u00a0<strong>Instituto de Movilidad del estado de Quintana Roo,<\/strong>\u00a0en lo que confiere a la parte administrativa; sin embargo, no se encuentran puntualmente detallados en alguna ley, contrario al\u00a0<strong>sistema de transporte urbano y el de taxis<\/strong>.<\/p>\n<p>Pidi\u00f3 a la ciudadan\u00eda denunciar cualquier irregularidad ante alg\u00fan miembro de la Polic\u00eda Municipal o bien de los de Tr\u00e1nsito para su atenci\u00f3n.<\/p>\n<\/div>\n<\/div>\n","protected":false},"excerpt":{"rendered":"<p>Autoridades indican que los mototaxistas ya no respetan el acuerdo de operaci\u00f3n. Tr\u00e1nsito de Playa del Carmen, sancionar\u00e1 a los\u00a0mototaxis\u00a0que se salgan de su per\u00edmetro para prestar el servicio, luego que se han detectado muchas\u00a0unidades\u00a0que\u00a0no han cumplido con el acuerdo de operaci\u00f3n. Ra\u00fal Tassinari Gonz\u00e1lez,\u00a0secretario de Seguridad P\u00fablica y Tr\u00e1nsito Municipal,\u00a0mencion\u00f3 que buscan que haya [&hellip;]<\/p>\n","protected":false},"author":1,"featured_media":28322,"comment_status":"open","ping_status":"closed","sticky":false,"template":"","format":"standard","meta":{"footnotes":""},"categories":[4],"tags":[],"class_list":["post-28320","post","type-post","status-publish","format-standard","has-post-thumbnail","hentry","category-local"],"_links":{"self":[{"href":"https:\/\/solidaridadnews.com\/index.php?rest_route=\/wp\/v2\/posts\/28320","targetHints":{"allow":["GET"]}}],"collection":[{"href":"https:\/\/solidaridadnews.com\/index.php?rest_route=\/wp\/v2\/posts"}],"about":[{"href":"https:\/\/solidaridadnews.com\/index.php?rest_route=\/wp\/v2\/types\/post"}],"author":[{"embeddable":true,"href":"https:\/\/solidaridadnews.com\/index.php?rest_route=\/wp\/v2\/users\/1"}],"replies":[{"embeddable":true,"href":"https:\/\/solidaridadnews.com\/index.php?rest_route=%2Fwp%2Fv2%2Fcomments&post=28320"}],"version-history":[{"count":1,"href":"https:\/\/solidaridadnews.com\/index.php?rest_route=\/wp\/v2\/posts\/28320\/revisions"}],"predecessor-version":[{"id":28321,"href":"https:\/\/solidaridadnews.com\/index.php?rest_route=\/wp\/v2\/posts\/28320\/revisions\/28321"}],"wp:featuredmedia":[{"embeddable":true,"href":"https:\/\/solidaridadnews.com\/index.php?rest_route=\/wp\/v2\/media\/28322"}],"wp:attachment":[{"href":"https:\/\/solidaridadnews.com\/index.php?rest_route=%2Fwp%2Fv2%2Fmedia&parent=28320"}],"wp:term":[{"taxonomy":"category","embeddable":true,"href":"https:\/\/solidaridadnews.com\/index.php?rest_route=%2Fwp%2Fv2%2Fcategories&post=28320"},{"taxonomy":"post_tag","embeddable":true,"href":"https:\/\/solidaridadnews.com\/index.php?rest_route=%2Fwp%2Fv2%2Ftags&post=28320"}],"curies":[{"name":"wp","href":"https:\/\/api.w.org\/{rel}","templated":true}]}}