{"id":28317,"date":"2023-08-08T17:15:54","date_gmt":"2023-08-08T22:15:54","guid":{"rendered":"https:\/\/solidaridadnews.com\/?p=28317"},"modified":"2023-08-08T22:15:56","modified_gmt":"2023-08-08T22:15:56","slug":"encabeza-estefania-mercado-preferencias-por-la-presidencia-de-playa-del-carmen","status":"publish","type":"post","link":"https:\/\/solidaridadnews.com\/?p=28317","title":{"rendered":"Encabeza Estefan\u00eda Mercado preferencias por la presidencia de Playa del Carmen"},"content":{"rendered":"<h4 class=\"CreativeWorkPage-subHeadline\" style=\"text-align: center;\">La diputada aventaja con m\u00e1s de 10 puntos a la actual presidenta municipal de Solidaridad, Lili Campos.<\/h4>\n<div class=\"CreativeWorkPage-metas\">\n<p>A menos de un a\u00f1o de que se lleven a cabo las elecciones municipales en Quintana Roo, la diputada local, Estefan\u00eda Mercado, lidera la intenci\u00f3n de voto en Solidaridad.<\/p>\n<p>&nbsp;<\/p>\n<p>De acuerdo con la encuesta m\u00e1s reciente de la empresa T\u00e1ctica Pol\u00edtica, La coalici\u00f3n Morena-Partido Verde-PT, liderada por Mercado Asencio, contin\u00faa a la cabeza en las preferencias en el municipio al que pertenece Playa del Carmen, con el 34.6 por ciento.<\/p>\n<p>&nbsp;<\/p>\n<p>En segundo lugar, se encuentra la actual presidenta municipal. Lili Campos, de PRI-PAN-PRD, con 21.4 % del apoyo de la poblaci\u00f3n, es decir 13.2 puntos porcentuales de diferencia.<\/p>\n<p>&nbsp;<\/p>\n<p>Mientras que, en tercer lugar, con solo el 8.2 %, se ubica el candidato de Movimiento Ciudadano, Adri\u00e1n P\u00e9rez Vera.<\/p>\n<p>&nbsp;<\/p>\n<p>La encuesta arroj\u00f3 que su enfoque en temas cruciales, como el empoderamiento de la mujer o el bienestar social, ha resonado entre los votantes, lo que la posiciona como una candidata con potencial de impulsar el desarrollo de Solidaridad.<\/p>\n<p>&nbsp;<\/p>\n<p>Caso contrario, el de la panista Lili Campos quien, en menos de dos a\u00f1os de gobierno, ha perdido credibilidad entre los pobladores del municipio, por pol\u00e9micas como el nombramiento de C\u00e9sar Orlando Flores S\u00e1nchez, en la Direcci\u00f3n de Protecci\u00f3n Civil en Solidaridad, despu\u00e9s de ser destituido de su anterior cargo por presuntos actos de corrupci\u00f3n.<\/p>\n<p>&nbsp;<\/p>\n<p>En 2021, en el proceso electoral para renovar el Congreso de Quintana Roo, Estefan\u00eda Mercado gan\u00f3 con ventaja de 20 puntos porcentuales su curul en la XVII Legislatura de Quintana Roo, derrotando en el Distrito X, a la tambi\u00e9n panista Kira Iris San.<\/p>\n<\/div>\n","protected":false},"excerpt":{"rendered":"<p>La diputada aventaja con m\u00e1s de 10 puntos a la actual presidenta municipal de Solidaridad, Lili Campos. A menos de un a\u00f1o de que se lleven a cabo las elecciones municipales en Quintana Roo, la diputada local, Estefan\u00eda Mercado, lidera la intenci\u00f3n de voto en Solidaridad. &nbsp; De acuerdo con la encuesta m\u00e1s reciente de [&hellip;]<\/p>\n","protected":false},"author":1,"featured_media":28319,"comment_status":"open","ping_status":"closed","sticky":false,"template":"","format":"standard","meta":{"footnotes":""},"categories":[4],"tags":[],"class_list":["post-28317","post","type-post","status-publish","format-standard","has-post-thumbnail","hentry","category-local"],"_links":{"self":[{"href":"https:\/\/solidaridadnews.com\/index.php?rest_route=\/wp\/v2\/posts\/28317","targetHints":{"allow":["GET"]}}],"collection":[{"href":"https:\/\/solidaridadnews.com\/index.php?rest_route=\/wp\/v2\/posts"}],"about":[{"href":"https:\/\/solidaridadnews.com\/index.php?rest_route=\/wp\/v2\/types\/post"}],"author":[{"embeddable":true,"href":"https:\/\/solidaridadnews.com\/index.php?rest_route=\/wp\/v2\/users\/1"}],"replies":[{"embeddable":true,"href":"https:\/\/solidaridadnews.com\/index.php?rest_route=%2Fwp%2Fv2%2Fcomments&post=28317"}],"version-history":[{"count":1,"href":"https:\/\/solidaridadnews.com\/index.php?rest_route=\/wp\/v2\/posts\/28317\/revisions"}],"predecessor-version":[{"id":28318,"href":"https:\/\/solidaridadnews.com\/index.php?rest_route=\/wp\/v2\/posts\/28317\/revisions\/28318"}],"wp:featuredmedia":[{"embeddable":true,"href":"https:\/\/solidaridadnews.com\/index.php?rest_route=\/wp\/v2\/media\/28319"}],"wp:attachment":[{"href":"https:\/\/solidaridadnews.com\/index.php?rest_route=%2Fwp%2Fv2%2Fmedia&parent=28317"}],"wp:term":[{"taxonomy":"category","embeddable":true,"href":"https:\/\/solidaridadnews.com\/index.php?rest_route=%2Fwp%2Fv2%2Fcategories&post=28317"},{"taxonomy":"post_tag","embeddable":true,"href":"https:\/\/solidaridadnews.com\/index.php?rest_route=%2Fwp%2Fv2%2Ftags&post=28317"}],"curies":[{"name":"wp","href":"https:\/\/api.w.org\/{rel}","templated":true}]}}